{"id":226823,"date":"2025-07-16T09:27:20","date_gmt":"2025-07-16T09:27:20","guid":{"rendered":"https:\/\/www.museumtv.art\/artnews\/articles\/"},"modified":"2025-07-16T09:27:21","modified_gmt":"2025-07-16T09:27:21","slug":"what-to-do-this-summer-in-france-the-hauts-de-france-region-opens-its-cultural-doors","status":"publish","type":"post","link":"https:\/\/www.museumtv.art\/en\/artnews\/agendas\/what-to-do-this-summer-in-france-the-hauts-de-france-region-opens-its-cultural-doors\/","title":{"rendered":"What to do this summer in France? The Hauts de France region opens its cultural doors  !"},"content":{"rendered":"\n<p><em><strong>Whether it&#8217;s a trip to the heart of the festivities, an immersion in Parisian museums or a look back over 1000 years of art and history, the Hauts-de-France cultural season promises to be rich and varied. Reflecting both local and national culture, rediscover these regional monuments thanks to the many exhibitions open to all.<\/strong><\/em><\/p>\n\n<p>This summer, take a step back in time and explore <strong>1,000 years<\/strong> of art and history from the <strong>Middle Ages<\/strong>. This period of a thousand legends has shaped our <strong>imagination<\/strong> and still hides many secrets from us today&#8230; To uncover them, the <a href=\"https:\/\/chateaudechantilly.fr\/evenement\/les-tres-riches-heures-du-duc-de-berry\/\"><strong>Ch\u00e2teau de Chantilly<\/strong> <\/a>welcomes you to an extraordinary exhibition: <strong>Les Tr\u00e8s Riches Heures du Duc de Berry<\/strong>, from <strong>7 June to 5 October 2025<\/strong>. One of the most celebrated manuscripts of all time, <em>Les Tr\u00e8s Riches Heures du Duc de Berry <\/em>is packed with prayers and personalized services for the duke, who was none other than the<a href=\"https:\/\/francearchives.gouv.fr\/commemo\/recueil-2016\/39560\"><strong> brother of King Charles V<\/strong><\/a>. Currently being restored, this manuscript will be on public view for only the <strong>third time<\/strong> since the end of the XIX\u1d49. To mark the occasion, a major exhibition is on display in the Salle du Jeu de Paume. With almost <strong>150 pieces<\/strong> from all over the world, this immersion will give you a better understanding of the creation of this essential work. Open from Monday to Sunday except Tuesdays, this estate, located just a few dozen kilometres from Lille, plunges you into the<strong> mystical and teeming<\/strong> period that was the Middle Ages by revealing these enigmas in minute detail.<\/p>\n\n<div class=\"wp-block-columns are-vertically-aligned-center is-layout-flex wp-container-core-columns-is-layout-1 wp-block-columns-is-layout-flex\">\n<div class=\"wp-block-column is-vertically-aligned-center is-layout-flow wp-block-column-is-layout-flow\"><div class=\"wp-block-image\">\n<figure class=\"aligncenter size-large\"><img loading=\"lazy\" decoding=\"async\" width=\"1024\" height=\"681\" src=\"https:\/\/www.museumtv.art\/wp-content\/uploads\/2025\/07\/Expo-TRH-cMuriel-Vatrin-106-1024x681.webp\" alt=\"\" class=\"wp-image-226810\" srcset=\"https:\/\/www.museumtv.art\/wp-content\/uploads\/2025\/07\/Expo-TRH-cMuriel-Vatrin-106-1024x681.webp 1024w, https:\/\/www.museumtv.art\/wp-content\/uploads\/2025\/07\/Expo-TRH-cMuriel-Vatrin-106-300x200.webp 300w, https:\/\/www.museumtv.art\/wp-content\/uploads\/2025\/07\/Expo-TRH-cMuriel-Vatrin-106-768x511.webp 768w, https:\/\/www.museumtv.art\/wp-content\/uploads\/2025\/07\/Expo-TRH-cMuriel-Vatrin-106-1536x1022.webp 1536w, https:\/\/www.museumtv.art\/wp-content\/uploads\/2025\/07\/Expo-TRH-cMuriel-Vatrin-106-2048x1363.webp 2048w\" sizes=\"auto, (max-width: 1024px) 100vw, 1024px\" \/><figcaption class=\"wp-element-caption\"><em>Start of the exhibition with the recumbent statue of the Duc de Berry in the centre \u00a9Muriel Vatrin<\/em><\/figcaption><\/figure><\/div><\/div>\n\n\n\n<div class=\"wp-block-column is-vertically-aligned-center is-layout-flow wp-block-column-is-layout-flow\"><div class=\"wp-block-image\">\n<figure class=\"aligncenter size-large\"><img loading=\"lazy\" decoding=\"async\" width=\"1024\" height=\"737\" src=\"https:\/\/www.museumtv.art\/wp-content\/uploads\/2025\/07\/Expo-TRH-cMuriel-Vatrin-341-e1750087252706-1024x737.webp\" alt=\"\" class=\"wp-image-226809\" srcset=\"https:\/\/www.museumtv.art\/wp-content\/uploads\/2025\/07\/Expo-TRH-cMuriel-Vatrin-341-e1750087252706-1024x737.webp 1024w, https:\/\/www.museumtv.art\/wp-content\/uploads\/2025\/07\/Expo-TRH-cMuriel-Vatrin-341-e1750087252706-300x216.webp 300w, https:\/\/www.museumtv.art\/wp-content\/uploads\/2025\/07\/Expo-TRH-cMuriel-Vatrin-341-e1750087252706-768x553.webp 768w, https:\/\/www.museumtv.art\/wp-content\/uploads\/2025\/07\/Expo-TRH-cMuriel-Vatrin-341-e1750087252706-1536x1106.webp 1536w, https:\/\/www.museumtv.art\/wp-content\/uploads\/2025\/07\/Expo-TRH-cMuriel-Vatrin-341-e1750087252706-2048x1475.webp 2048w\" sizes=\"auto, (max-width: 1024px) 100vw, 1024px\" \/><figcaption class=\"wp-element-caption\"><em>Projection room \u00a9Muriel Vatrin<\/em><\/figcaption><\/figure><\/div><\/div>\n<\/div>\n\n<h2 class=\"wp-block-heading\"><strong>Art and friendship<\/strong><\/h2>\n\n<p>To mark the <strong>400th<\/strong> anniversary of his death, the<a href=\"https:\/\/museedeflandre.fr\/brueghel-van-balen-artistes-complices\"><strong> Museum of Flanders<\/strong><\/a> is paying tribute to <strong>Julien Brueghel the Elder<\/strong> and his close collaboration with <strong>Hendrick van Balen<\/strong>. Born in Antwerp in the 14th century, Brueghel&#8217;s art left a lasting impression. Whether painting landscapes, fruit or flowers, J.Brueghel the Elder stood out for his unique use of <strong>colour<\/strong> and his love of <strong>miniatures<\/strong>. Available until <strong>28 September 2025<\/strong>, the exhibition retraces the steps of this artist and marks a high point in his collaboration with Hendrick Van Balen. A painter unknown to the general public, his art and his friendship with Julian are not diminished by it &#8211; on the contrary. With the Bible and mythology as his predictive themes, this artist of gigantic altarpieces and intimate paintings is once again being honoured by the Mus\u00e9e de Flandre. Accessible to all audiences, this is not just art come to life again, but a rich and harmonious friendship.<\/p>\n\n<div class=\"wp-block-columns are-vertically-aligned-center is-layout-flex wp-container-core-columns-is-layout-2 wp-block-columns-is-layout-flex\">\n<div class=\"wp-block-column is-vertically-aligned-center is-layout-flow wp-block-column-is-layout-flow\"><div class=\"wp-block-image\">\n<figure class=\"aligncenter size-large\"><img decoding=\"async\" src=\"https:\/\/www.museumtv.art\/wp-content\/uploads\/2025\/07\/67a0ca5851efa_66e3f80a1141d_La-Haye-Mauritshuis-Hendrick-van-Balen-Jan-Brueghel-Guirlande-de-fruits-avec-Cyb&#xBF;le-668x1024.jpg\" alt=\"\" class=\"wp-image-226804\"\/><figcaption class=\"wp-element-caption\"><em>Hendrick van Balen and Jan Brueghel the Elder &#8211; Fruit garland surrounding a representation of Cybele receiving gifts from the allegories of the Four Seasons. 1620-1622, Oil on wood, 106.3 x 69.9 cm, The Hague, Mauritshuis.<\/em><\/figcaption><\/figure><\/div><\/div>\n\n\n\n<div class=\"wp-block-column is-vertically-aligned-center is-layout-flow wp-block-column-is-layout-flow\"><div class=\"wp-block-image\">\n<figure class=\"aligncenter size-large\"><img loading=\"lazy\" decoding=\"async\" width=\"747\" height=\"1024\" src=\"https:\/\/www.museumtv.art\/wp-content\/uploads\/2025\/07\/67a0ea6c3b225_Madrid-Musee-du-Prado-Hendrick-van-Balen-et-Jan-Brueghel-lAncien-Vierge-a-lenfant-dans-une-guirlande-de-fleurs-747x1024.jpg\" alt=\"\" class=\"wp-image-226803\" srcset=\"https:\/\/www.museumtv.art\/wp-content\/uploads\/2025\/07\/67a0ea6c3b225_Madrid-Musee-du-Prado-Hendrick-van-Balen-et-Jan-Brueghel-lAncien-Vierge-a-lenfant-dans-une-guirlande-de-fleurs-747x1024.jpg 747w, https:\/\/www.museumtv.art\/wp-content\/uploads\/2025\/07\/67a0ea6c3b225_Madrid-Musee-du-Prado-Hendrick-van-Balen-et-Jan-Brueghel-lAncien-Vierge-a-lenfant-dans-une-guirlande-de-fleurs-219x300.jpg 219w, https:\/\/www.museumtv.art\/wp-content\/uploads\/2025\/07\/67a0ea6c3b225_Madrid-Musee-du-Prado-Hendrick-van-Balen-et-Jan-Brueghel-lAncien-Vierge-a-lenfant-dans-une-guirlande-de-fleurs-768x1052.jpg 768w, https:\/\/www.museumtv.art\/wp-content\/uploads\/2025\/07\/67a0ea6c3b225_Madrid-Musee-du-Prado-Hendrick-van-Balen-et-Jan-Brueghel-lAncien-Vierge-a-lenfant-dans-une-guirlande-de-fleurs.jpg 789w\" sizes=\"auto, (max-width: 747px) 100vw, 747px\" \/><figcaption class=\"wp-element-caption\"><em>Hendrick van Balen and Jan Brueghel the Elder, Virgin and Child in a Garland of Flowers, Oil on wood. 48 x 41 cm, Madrid, Museo del Prado.<\/em><\/figcaption><\/figure><\/div><\/div>\n<\/div>\n\n<h2 class=\"wp-block-heading\">Let&#8217;s get festive !<\/h2>\n\n<p>Because summer rhymes with festivity, the <a href=\"https:\/\/pba.lille.fr\/FETES-ET-CELEBRATIONS-FLAMANDES-BRUEGHEL-RUBENS-JORDAENS\"><strong>Mus\u00e9e des Beaux-Arts in Lille<\/strong><\/a> is hosting the exhibition <strong><em>F\u00eates et c\u00e9l\u00e9brations flamandes<\/em><\/strong> from <strong>26 April to 1 September 2025<\/strong>. Retracing the representation of festivities between the <strong>XVI\u1d49 and XVII\u1d49,<\/strong> several artists are on show. <strong>Brueghel, Rubens<\/strong>, or <strong>Jordaens<\/strong>, all made these moments of rejoicing subjects in their own right in their art. Urban festivals, kermesses or even the Feast of the Kings, these moments of joviality were essential in maintaining social ties as well as a sense of belonging to a community. In partnership with the <a href=\"https:\/\/fine-arts-museum.be\/fr\"><strong>Mus\u00e9e des Beaux-Arts de Belgique<\/strong><\/a> and the <a href=\"https:\/\/www.louvre.fr\/\"><strong>Mus\u00e9e du Louvre<\/strong><\/a> in Paris, this exhibition is part of <strong>Lille3000,<\/strong> Lille&#8217;s cultural season. Promoting local values and traditions, around a hundred works are on display, providing a better understanding of how the festival has become an integral part of our society&#8230;<\/p>\n<div class=\"wp-block-image\">\n<figure class=\"aligncenter size-full\"><img loading=\"lazy\" decoding=\"async\" width=\"779\" height=\"518\" src=\"https:\/\/www.museumtv.art\/wp-content\/uploads\/2025\/07\/Fetes-et-Celebrations-Flamandes-Brueghel-Rubens-Jordaens_news_image_top.jpg\" alt=\"\" class=\"wp-image-226807\" srcset=\"https:\/\/www.museumtv.art\/wp-content\/uploads\/2025\/07\/Fetes-et-Celebrations-Flamandes-Brueghel-Rubens-Jordaens_news_image_top.jpg 779w, https:\/\/www.museumtv.art\/wp-content\/uploads\/2025\/07\/Fetes-et-Celebrations-Flamandes-Brueghel-Rubens-Jordaens_news_image_top-300x199.jpg 300w, https:\/\/www.museumtv.art\/wp-content\/uploads\/2025\/07\/Fetes-et-Celebrations-Flamandes-Brueghel-Rubens-Jordaens_news_image_top-768x511.jpg 768w\" sizes=\"auto, (max-width: 779px) 100vw, 779px\" \/><\/figure><\/div><div class=\"wp-block-image\">\n<figure class=\"aligncenter size-full\"><img loading=\"lazy\" decoding=\"async\" width=\"800\" height=\"541\" src=\"https:\/\/www.museumtv.art\/wp-content\/uploads\/2025\/07\/fetes-celebrations-flamandes-brueghel-rubens-jordaens.jpg\" alt=\"\" class=\"wp-image-226808\" srcset=\"https:\/\/www.museumtv.art\/wp-content\/uploads\/2025\/07\/fetes-celebrations-flamandes-brueghel-rubens-jordaens.jpg 800w, https:\/\/www.museumtv.art\/wp-content\/uploads\/2025\/07\/fetes-celebrations-flamandes-brueghel-rubens-jordaens-300x203.jpg 300w, https:\/\/www.museumtv.art\/wp-content\/uploads\/2025\/07\/fetes-celebrations-flamandes-brueghel-rubens-jordaens-768x519.jpg 768w\" sizes=\"auto, (max-width: 800px) 100vw, 800px\" \/><\/figure><\/div>\n<h2 class=\"wp-block-heading\">Pom PomPidou<\/h2>\n\n<p>As part of the big <a href=\"https:\/\/fiestalille3000.com\/\"><strong>Fiesta<\/strong><\/a> of the 7\u1d49 edition of Lille&#8217;s cultural season &#8211; <strong>Lille 3000<\/strong> -, the Centre Pompidou is taking over the Tripostal with its <a href=\"https:\/\/www.centrepompidou.fr\/fr\/programme\/agenda\/evenement\/N9KnmG3\"><strong>Pom Pompidou<\/strong><\/a> ! exhibition. This iconic Lille venue and <strong>mirror of the Parisian monument<\/strong> has been hosting modern art from every angle since last April. Available until<strong> 9 November 2025<\/strong>, all three levels of this cultural experience laboratory have been filled. Featuring <strong>avant-garde artists<\/strong> on the ground floor, through those of <strong>the Dada movement<\/strong> on the first floor, to <strong>new science and technology<\/strong> on the second, set out to discover the innovation of art and creation from the XX\u1d49 century to the present day. With both legendary and previously unseen works, the Centre Pompidou reinvents itself. Accessible to all audiences and ages, this is a great way to soak up the art of Parisian monuments !<\/p>\n\n<div class=\"wp-block-columns are-vertically-aligned-center is-layout-flex wp-container-core-columns-is-layout-3 wp-block-columns-is-layout-flex\">\n<div class=\"wp-block-column is-vertically-aligned-center is-layout-flow wp-block-column-is-layout-flow\"><div class=\"wp-block-image\">\n<figure class=\"aligncenter size-full\"><img loading=\"lazy\" decoding=\"async\" width=\"526\" height=\"776\" src=\"https:\/\/www.museumtv.art\/wp-content\/uploads\/2025\/07\/affiche-centre-pompidou.jpg\" alt=\"\" class=\"wp-image-226805\" srcset=\"https:\/\/www.museumtv.art\/wp-content\/uploads\/2025\/07\/affiche-centre-pompidou.jpg 526w, https:\/\/www.museumtv.art\/wp-content\/uploads\/2025\/07\/affiche-centre-pompidou-203x300.jpg 203w\" sizes=\"auto, (max-width: 526px) 100vw, 526px\" \/><figcaption class=\"wp-element-caption\"><em>Poster &#8211; POM POMPIDOU &#8211; centre Pompidou X Lille 3000<\/em><\/figcaption><\/figure><\/div><\/div>\n\n\n\n<div class=\"wp-block-column is-vertically-aligned-center is-layout-flow wp-block-column-is-layout-flow\"><div class=\"wp-block-image\">\n<figure class=\"aligncenter size-full\"><img loading=\"lazy\" decoding=\"async\" width=\"375\" height=\"600\" src=\"https:\/\/www.museumtv.art\/wp-content\/uploads\/2025\/07\/constellation_exposition_pom-pom-pidou_lille3000_A.jpg\" alt=\"\" class=\"wp-image-226806\" srcset=\"https:\/\/www.museumtv.art\/wp-content\/uploads\/2025\/07\/constellation_exposition_pom-pom-pidou_lille3000_A.jpg 375w, https:\/\/www.museumtv.art\/wp-content\/uploads\/2025\/07\/constellation_exposition_pom-pom-pidou_lille3000_A-188x300.jpg 188w\" sizes=\"auto, (max-width: 375px) 100vw, 375px\" \/><figcaption class=\"wp-element-caption\"><em>Alain S\u00e9chas, \u2018Le mannequin\u2019, 1985 \u00a9 Adagp, Paris. Photo: Centre Pompidou, MNAM-CCI\/Philippe Migeat\/Dist. GrandPalaisRmn<\/em><\/figcaption><\/figure><\/div><\/div>\n<\/div>\n\n<p>Not your region ? Don&#8217;t panic, you can find all our articles on the various cultural events on offer throughout France on our <a href=\"https:\/\/www.museumtv.art\/en\/\"><strong>online platform<\/strong><\/a> !<\/p>\n","protected":false},"excerpt":{"rendered":"<p>Whether it&#8217;s a trip to the heart of the festivities, an immersion in Parisian museums or a look back over 1000 years of art and history, the Hauts-de-France cultural season promises to be rich and varied. Reflecting both local and national culture, rediscover these regional monuments thanks to the many exhibitions open to all. This [&hellip;]<\/p>\n","protected":false},"author":105,"featured_media":226821,"comment_status":"closed","ping_status":"open","sticky":false,"template":"","format":"standard","meta":{"footnotes":""},"categories":[1938],"tags":[2351,2538,2424],"group":[544],"support":[13],"class_list":["post-226823","post","type-post","status-publish","format-standard","has-post-thumbnail","hentry","category-uncategorized","tag-art-en","tag-expositions-en","tag-museum-tv-en","group-decoding-art","support-agenda"],"yoast_head":"<!-- This site is optimized with the Yoast SEO plugin v24.0 - https:\/\/yoast.com\/wordpress\/plugins\/seo\/ -->\n<title>The Hauts de France region opens its cultural doors<\/title>\n<meta name=\"description\" content=\"This summer, explore the cultural treasures of Hauts-de-France: exhibitions, medieval, Flemish and modern art await you !\" \/>\n<meta name=\"robots\" content=\"index, follow, max-snippet:-1, max-image-preview:large, max-video-preview:-1\" \/>\n<link rel=\"canonical\" href=\"https:\/\/www.museumtv.art\/en\/artnews\/agendas\/what-to-do-this-summer-in-france-the-hauts-de-france-region-opens-its-cultural-doors\/\" \/>\n<meta property=\"og:locale\" content=\"en_US\" \/>\n<meta property=\"og:type\" content=\"article\" \/>\n<meta property=\"og:title\" content=\"The Hauts de France region opens its cultural doors\" \/>\n<meta property=\"og:description\" content=\"This summer, explore the cultural treasures of Hauts-de-France: exhibitions, medieval, Flemish and modern art await you !\" \/>\n<meta property=\"og:url\" content=\"https:\/\/www.museumtv.art\/en\/artnews\/agendas\/what-to-do-this-summer-in-france-the-hauts-de-france-region-opens-its-cultural-doors\/\" \/>\n<meta property=\"og:site_name\" content=\"Museum TV\" \/>\n<meta property=\"article:publisher\" content=\"https:\/\/www.facebook.com\/museumtv.art\/\" \/>\n<meta property=\"article:published_time\" content=\"2025-07-16T09:27:20+00:00\" \/>\n<meta property=\"article:modified_time\" content=\"2025-07-16T09:27:21+00:00\" \/>\n<meta property=\"og:image\" content=\"https:\/\/www.museumtv.art\/wp-content\/uploads\/2025\/07\/UNE-haut-de-france.jpg\" \/>\n\t<meta property=\"og:image:width\" content=\"1920\" \/>\n\t<meta property=\"og:image:height\" content=\"960\" \/>\n\t<meta property=\"og:image:type\" content=\"image\/jpeg\" \/>\n<meta name=\"author\" content=\"Elise Bontemps\" \/>\n<meta name=\"twitter:card\" content=\"summary_large_image\" \/>\n<meta name=\"twitter:label1\" content=\"Written by\" \/>\n\t<meta name=\"twitter:data1\" content=\"Elise Bontemps\" \/>\n\t<meta name=\"twitter:label2\" content=\"Est. reading time\" \/>\n\t<meta name=\"twitter:data2\" content=\"4 minutes\" \/>\n<script type=\"application\/ld+json\" class=\"yoast-schema-graph\">{\"@context\":\"https:\/\/schema.org\",\"@graph\":[{\"@type\":\"Article\",\"@id\":\"https:\/\/www.museumtv.art\/en\/artnews\/agendas\/what-to-do-this-summer-in-france-the-hauts-de-france-region-opens-its-cultural-doors\/#article\",\"isPartOf\":{\"@id\":\"https:\/\/www.museumtv.art\/en\/artnews\/agendas\/what-to-do-this-summer-in-france-the-hauts-de-france-region-opens-its-cultural-doors\/\"},\"author\":{\"name\":\"Elise Bontemps\",\"@id\":\"https:\/\/www.museumtv.art\/#\/schema\/person\/b11842a9c44ac7db153ad461b240a77c\"},\"headline\":\"What to do this summer in France? The Hauts de France region opens its cultural doors !\",\"datePublished\":\"2025-07-16T09:27:20+00:00\",\"dateModified\":\"2025-07-16T09:27:21+00:00\",\"mainEntityOfPage\":{\"@id\":\"https:\/\/www.museumtv.art\/en\/artnews\/agendas\/what-to-do-this-summer-in-france-the-hauts-de-france-region-opens-its-cultural-doors\/\"},\"wordCount\":847,\"publisher\":{\"@id\":\"https:\/\/www.museumtv.art\/#organization\"},\"image\":{\"@id\":\"https:\/\/www.museumtv.art\/en\/artnews\/agendas\/what-to-do-this-summer-in-france-the-hauts-de-france-region-opens-its-cultural-doors\/#primaryimage\"},\"thumbnailUrl\":\"https:\/\/www.museumtv.art\/wp-content\/uploads\/2025\/07\/UNE-haut-de-france.jpg\",\"keywords\":[\"Art\",\"Expositions\",\"MUSEUM TV\"],\"inLanguage\":\"en-US\"},{\"@type\":\"WebPage\",\"@id\":\"https:\/\/www.museumtv.art\/en\/artnews\/agendas\/what-to-do-this-summer-in-france-the-hauts-de-france-region-opens-its-cultural-doors\/\",\"url\":\"https:\/\/www.museumtv.art\/en\/artnews\/agendas\/what-to-do-this-summer-in-france-the-hauts-de-france-region-opens-its-cultural-doors\/\",\"name\":\"The Hauts de France region opens its cultural doors\",\"isPartOf\":{\"@id\":\"https:\/\/www.museumtv.art\/#website\"},\"primaryImageOfPage\":{\"@id\":\"https:\/\/www.museumtv.art\/en\/artnews\/agendas\/what-to-do-this-summer-in-france-the-hauts-de-france-region-opens-its-cultural-doors\/#primaryimage\"},\"image\":{\"@id\":\"https:\/\/www.museumtv.art\/en\/artnews\/agendas\/what-to-do-this-summer-in-france-the-hauts-de-france-region-opens-its-cultural-doors\/#primaryimage\"},\"thumbnailUrl\":\"https:\/\/www.museumtv.art\/wp-content\/uploads\/2025\/07\/UNE-haut-de-france.jpg\",\"datePublished\":\"2025-07-16T09:27:20+00:00\",\"dateModified\":\"2025-07-16T09:27:21+00:00\",\"description\":\"This summer, explore the cultural treasures of Hauts-de-France: exhibitions, medieval, Flemish and modern art await you !\",\"breadcrumb\":{\"@id\":\"https:\/\/www.museumtv.art\/en\/artnews\/agendas\/what-to-do-this-summer-in-france-the-hauts-de-france-region-opens-its-cultural-doors\/#breadcrumb\"},\"inLanguage\":\"en-US\",\"potentialAction\":[{\"@type\":\"ReadAction\",\"target\":[\"https:\/\/www.museumtv.art\/en\/artnews\/agendas\/what-to-do-this-summer-in-france-the-hauts-de-france-region-opens-its-cultural-doors\/\"]}]},{\"@type\":\"ImageObject\",\"inLanguage\":\"en-US\",\"@id\":\"https:\/\/www.museumtv.art\/en\/artnews\/agendas\/what-to-do-this-summer-in-france-the-hauts-de-france-region-opens-its-cultural-doors\/#primaryimage\",\"url\":\"https:\/\/www.museumtv.art\/wp-content\/uploads\/2025\/07\/UNE-haut-de-france.jpg\",\"contentUrl\":\"https:\/\/www.museumtv.art\/wp-content\/uploads\/2025\/07\/UNE-haut-de-france.jpg\",\"width\":1920,\"height\":960},{\"@type\":\"BreadcrumbList\",\"@id\":\"https:\/\/www.museumtv.art\/en\/artnews\/agendas\/what-to-do-this-summer-in-france-the-hauts-de-france-region-opens-its-cultural-doors\/#breadcrumb\",\"itemListElement\":[{\"@type\":\"ListItem\",\"position\":1,\"name\":\"Accueil\",\"item\":\"https:\/\/www.museumtv.art\/en\/\"},{\"@type\":\"ListItem\",\"position\":2,\"name\":\"What to do this summer in France? The Hauts de France region opens its cultural doors !\"}]},{\"@type\":\"WebSite\",\"@id\":\"https:\/\/www.museumtv.art\/#website\",\"url\":\"https:\/\/www.museumtv.art\/\",\"name\":\"Museum TV\",\"description\":\"The first channel dedicated to art\",\"publisher\":{\"@id\":\"https:\/\/www.museumtv.art\/#organization\"},\"potentialAction\":[{\"@type\":\"SearchAction\",\"target\":{\"@type\":\"EntryPoint\",\"urlTemplate\":\"https:\/\/www.museumtv.art\/?s={search_term_string}\"},\"query-input\":{\"@type\":\"PropertyValueSpecification\",\"valueRequired\":true,\"valueName\":\"search_term_string\"}}],\"inLanguage\":\"en-US\"},{\"@type\":\"Organization\",\"@id\":\"https:\/\/www.museumtv.art\/#organization\",\"name\":\"Museum TV\",\"url\":\"https:\/\/www.museumtv.art\/\",\"logo\":{\"@type\":\"ImageObject\",\"inLanguage\":\"en-US\",\"@id\":\"https:\/\/www.museumtv.art\/#\/schema\/logo\/image\/\",\"url\":\"https:\/\/www.museumtv.art\/wp-content\/uploads\/2021\/10\/apple-touch-icon-1.png\",\"contentUrl\":\"https:\/\/www.museumtv.art\/wp-content\/uploads\/2021\/10\/apple-touch-icon-1.png\",\"width\":180,\"height\":180,\"caption\":\"Museum TV\"},\"image\":{\"@id\":\"https:\/\/www.museumtv.art\/#\/schema\/logo\/image\/\"},\"sameAs\":[\"https:\/\/www.facebook.com\/museumtv.art\/\",\"https:\/\/www.instagram.com\/museumtv_art\/?hl=fr\",\"https:\/\/www.linkedin.com\/company\/museumtv\"]},{\"@type\":\"Person\",\"@id\":\"https:\/\/www.museumtv.art\/#\/schema\/person\/b11842a9c44ac7db153ad461b240a77c\",\"name\":\"Elise Bontemps\",\"image\":{\"@type\":\"ImageObject\",\"inLanguage\":\"en-US\",\"@id\":\"https:\/\/www.museumtv.art\/#\/schema\/person\/image\/\",\"url\":\"https:\/\/secure.gravatar.com\/avatar\/0b2f6bf61702136e9d5c38fa6bf4c4e4?s=96&d=mm&r=g\",\"contentUrl\":\"https:\/\/secure.gravatar.com\/avatar\/0b2f6bf61702136e9d5c38fa6bf4c4e4?s=96&d=mm&r=g\",\"caption\":\"Elise Bontemps\"},\"url\":\"https:\/\/www.museumtv.art\/en\/author\/elise-bontemps\/\"}]}<\/script>\n<!-- \/ Yoast SEO plugin. -->","yoast_head_json":{"title":"The Hauts de France region opens its cultural doors","description":"This summer, explore the cultural treasures of Hauts-de-France: exhibitions, medieval, Flemish and modern art await you !","robots":{"index":"index","follow":"follow","max-snippet":"max-snippet:-1","max-image-preview":"max-image-preview:large","max-video-preview":"max-video-preview:-1"},"canonical":"https:\/\/www.museumtv.art\/en\/artnews\/agendas\/what-to-do-this-summer-in-france-the-hauts-de-france-region-opens-its-cultural-doors\/","og_locale":"en_US","og_type":"article","og_title":"The Hauts de France region opens its cultural doors","og_description":"This summer, explore the cultural treasures of Hauts-de-France: exhibitions, medieval, Flemish and modern art await you !","og_url":"https:\/\/www.museumtv.art\/en\/artnews\/agendas\/what-to-do-this-summer-in-france-the-hauts-de-france-region-opens-its-cultural-doors\/","og_site_name":"Museum TV","article_publisher":"https:\/\/www.facebook.com\/museumtv.art\/","article_published_time":"2025-07-16T09:27:20+00:00","article_modified_time":"2025-07-16T09:27:21+00:00","og_image":[{"width":1920,"height":960,"url":"https:\/\/www.museumtv.art\/wp-content\/uploads\/2025\/07\/UNE-haut-de-france.jpg","type":"image\/jpeg"}],"author":"Elise Bontemps","twitter_card":"summary_large_image","twitter_misc":{"Written by":"Elise Bontemps","Est. reading time":"4 minutes"},"schema":{"@context":"https:\/\/schema.org","@graph":[{"@type":"Article","@id":"https:\/\/www.museumtv.art\/en\/artnews\/agendas\/what-to-do-this-summer-in-france-the-hauts-de-france-region-opens-its-cultural-doors\/#article","isPartOf":{"@id":"https:\/\/www.museumtv.art\/en\/artnews\/agendas\/what-to-do-this-summer-in-france-the-hauts-de-france-region-opens-its-cultural-doors\/"},"author":{"name":"Elise Bontemps","@id":"https:\/\/www.museumtv.art\/#\/schema\/person\/b11842a9c44ac7db153ad461b240a77c"},"headline":"What to do this summer in France? The Hauts de France region opens its cultural doors !","datePublished":"2025-07-16T09:27:20+00:00","dateModified":"2025-07-16T09:27:21+00:00","mainEntityOfPage":{"@id":"https:\/\/www.museumtv.art\/en\/artnews\/agendas\/what-to-do-this-summer-in-france-the-hauts-de-france-region-opens-its-cultural-doors\/"},"wordCount":847,"publisher":{"@id":"https:\/\/www.museumtv.art\/#organization"},"image":{"@id":"https:\/\/www.museumtv.art\/en\/artnews\/agendas\/what-to-do-this-summer-in-france-the-hauts-de-france-region-opens-its-cultural-doors\/#primaryimage"},"thumbnailUrl":"https:\/\/www.museumtv.art\/wp-content\/uploads\/2025\/07\/UNE-haut-de-france.jpg","keywords":["Art","Expositions","MUSEUM TV"],"inLanguage":"en-US"},{"@type":"WebPage","@id":"https:\/\/www.museumtv.art\/en\/artnews\/agendas\/what-to-do-this-summer-in-france-the-hauts-de-france-region-opens-its-cultural-doors\/","url":"https:\/\/www.museumtv.art\/en\/artnews\/agendas\/what-to-do-this-summer-in-france-the-hauts-de-france-region-opens-its-cultural-doors\/","name":"The Hauts de France region opens its cultural doors","isPartOf":{"@id":"https:\/\/www.museumtv.art\/#website"},"primaryImageOfPage":{"@id":"https:\/\/www.museumtv.art\/en\/artnews\/agendas\/what-to-do-this-summer-in-france-the-hauts-de-france-region-opens-its-cultural-doors\/#primaryimage"},"image":{"@id":"https:\/\/www.museumtv.art\/en\/artnews\/agendas\/what-to-do-this-summer-in-france-the-hauts-de-france-region-opens-its-cultural-doors\/#primaryimage"},"thumbnailUrl":"https:\/\/www.museumtv.art\/wp-content\/uploads\/2025\/07\/UNE-haut-de-france.jpg","datePublished":"2025-07-16T09:27:20+00:00","dateModified":"2025-07-16T09:27:21+00:00","description":"This summer, explore the cultural treasures of Hauts-de-France: exhibitions, medieval, Flemish and modern art await you !","breadcrumb":{"@id":"https:\/\/www.museumtv.art\/en\/artnews\/agendas\/what-to-do-this-summer-in-france-the-hauts-de-france-region-opens-its-cultural-doors\/#breadcrumb"},"inLanguage":"en-US","potentialAction":[{"@type":"ReadAction","target":["https:\/\/www.museumtv.art\/en\/artnews\/agendas\/what-to-do-this-summer-in-france-the-hauts-de-france-region-opens-its-cultural-doors\/"]}]},{"@type":"ImageObject","inLanguage":"en-US","@id":"https:\/\/www.museumtv.art\/en\/artnews\/agendas\/what-to-do-this-summer-in-france-the-hauts-de-france-region-opens-its-cultural-doors\/#primaryimage","url":"https:\/\/www.museumtv.art\/wp-content\/uploads\/2025\/07\/UNE-haut-de-france.jpg","contentUrl":"https:\/\/www.museumtv.art\/wp-content\/uploads\/2025\/07\/UNE-haut-de-france.jpg","width":1920,"height":960},{"@type":"BreadcrumbList","@id":"https:\/\/www.museumtv.art\/en\/artnews\/agendas\/what-to-do-this-summer-in-france-the-hauts-de-france-region-opens-its-cultural-doors\/#breadcrumb","itemListElement":[{"@type":"ListItem","position":1,"name":"Accueil","item":"https:\/\/www.museumtv.art\/en\/"},{"@type":"ListItem","position":2,"name":"What to do this summer in France? The Hauts de France region opens its cultural doors !"}]},{"@type":"WebSite","@id":"https:\/\/www.museumtv.art\/#website","url":"https:\/\/www.museumtv.art\/","name":"Museum TV","description":"The first channel dedicated to art","publisher":{"@id":"https:\/\/www.museumtv.art\/#organization"},"potentialAction":[{"@type":"SearchAction","target":{"@type":"EntryPoint","urlTemplate":"https:\/\/www.museumtv.art\/?s={search_term_string}"},"query-input":{"@type":"PropertyValueSpecification","valueRequired":true,"valueName":"search_term_string"}}],"inLanguage":"en-US"},{"@type":"Organization","@id":"https:\/\/www.museumtv.art\/#organization","name":"Museum TV","url":"https:\/\/www.museumtv.art\/","logo":{"@type":"ImageObject","inLanguage":"en-US","@id":"https:\/\/www.museumtv.art\/#\/schema\/logo\/image\/","url":"https:\/\/www.museumtv.art\/wp-content\/uploads\/2021\/10\/apple-touch-icon-1.png","contentUrl":"https:\/\/www.museumtv.art\/wp-content\/uploads\/2021\/10\/apple-touch-icon-1.png","width":180,"height":180,"caption":"Museum TV"},"image":{"@id":"https:\/\/www.museumtv.art\/#\/schema\/logo\/image\/"},"sameAs":["https:\/\/www.facebook.com\/museumtv.art\/","https:\/\/www.instagram.com\/museumtv_art\/?hl=fr","https:\/\/www.linkedin.com\/company\/museumtv"]},{"@type":"Person","@id":"https:\/\/www.museumtv.art\/#\/schema\/person\/b11842a9c44ac7db153ad461b240a77c","name":"Elise Bontemps","image":{"@type":"ImageObject","inLanguage":"en-US","@id":"https:\/\/www.museumtv.art\/#\/schema\/person\/image\/","url":"https:\/\/secure.gravatar.com\/avatar\/0b2f6bf61702136e9d5c38fa6bf4c4e4?s=96&d=mm&r=g","contentUrl":"https:\/\/secure.gravatar.com\/avatar\/0b2f6bf61702136e9d5c38fa6bf4c4e4?s=96&d=mm&r=g","caption":"Elise Bontemps"},"url":"https:\/\/www.museumtv.art\/en\/author\/elise-bontemps\/"}]}},"_links":{"self":[{"href":"https:\/\/www.museumtv.art\/en\/wp-json\/wp\/v2\/posts\/226823","targetHints":{"allow":["GET"]}}],"collection":[{"href":"https:\/\/www.museumtv.art\/en\/wp-json\/wp\/v2\/posts"}],"about":[{"href":"https:\/\/www.museumtv.art\/en\/wp-json\/wp\/v2\/types\/post"}],"author":[{"embeddable":true,"href":"https:\/\/www.museumtv.art\/en\/wp-json\/wp\/v2\/users\/105"}],"replies":[{"embeddable":true,"href":"https:\/\/www.museumtv.art\/en\/wp-json\/wp\/v2\/comments?post=226823"}],"version-history":[{"count":2,"href":"https:\/\/www.museumtv.art\/en\/wp-json\/wp\/v2\/posts\/226823\/revisions"}],"predecessor-version":[{"id":226827,"href":"https:\/\/www.museumtv.art\/en\/wp-json\/wp\/v2\/posts\/226823\/revisions\/226827"}],"wp:featuredmedia":[{"embeddable":true,"href":"https:\/\/www.museumtv.art\/en\/wp-json\/wp\/v2\/media\/226821"}],"wp:attachment":[{"href":"https:\/\/www.museumtv.art\/en\/wp-json\/wp\/v2\/media?parent=226823"}],"wp:term":[{"taxonomy":"category","embeddable":true,"href":"https:\/\/www.museumtv.art\/en\/wp-json\/wp\/v2\/categories?post=226823"},{"taxonomy":"post_tag","embeddable":true,"href":"https:\/\/www.museumtv.art\/en\/wp-json\/wp\/v2\/tags?post=226823"},{"taxonomy":"group","embeddable":true,"href":"https:\/\/www.museumtv.art\/en\/wp-json\/wp\/v2\/group?post=226823"},{"taxonomy":"support","embeddable":true,"href":"https:\/\/www.museumtv.art\/en\/wp-json\/wp\/v2\/support?post=226823"}],"curies":[{"name":"wp","href":"https:\/\/api.w.org\/{rel}","templated":true}]}}