{"id":226635,"date":"2025-04-15T07:30:00","date_gmt":"2025-04-15T07:30:00","guid":{"rendered":"https:\/\/www.museumtv.art\/artnews\/articles\/"},"modified":"2025-07-01T09:33:04","modified_gmt":"2025-07-01T09:33:04","slug":"art-is-in-the-street-an-exhibition-following-in-the-footsteps-of-the-modern-city","status":"publish","type":"post","link":"https:\/\/www.museumtv.art\/en\/artnews\/agendas\/art-is-in-the-street-an-exhibition-following-in-the-footsteps-of-the-modern-city\/","title":{"rendered":"\u2018Art is in the street\u2019, an exhibition following in the footsteps of the modern city."},"content":{"rendered":"\n<p><em><strong>From 18 March to 6 July 2025, the Mus\u00e9e d&#8217;Orsay is hosting the \u2018Art is in the Street\u2019 exhibition. Tracing the history of billposting during the mid-19\u1d49 century in Paris, nearly 230 works are on display. Cultural, political, militant or even artistic posters, the exhibition takes you on a journey to the beginnings of the \u2018modern city\u2019.<\/strong><\/em><\/p>\n\n\n\n<p><em>&#8220;The walls of Paris are covered with posters and printed cries. The city becomes an immense book where every passer-by reads without thinking&#8221;,<\/em> these are the words of Jules Vall\u00e8s in his book <a href=\"https:\/\/beq.ebooksgratuits.com\/vents\/valles-3.pdf\"><em><strong>L&#8217;insurg\u00e9<\/strong><\/em><\/a>, published in 1886.<\/p>\n\n\n\n<p>Posters, unique symbols of a changing society, are being given pride of place at the<a href=\"https:\/\/www.musee-orsay.fr\/fr\/agenda\/expositions\/lart-est-dans-la-rue\"><strong> Mus\u00e9e d&#8217;Orsay<\/strong><\/a> from <strong>18 March to 6 July 2025<\/strong> as part of the<strong> \u2018Art is in the Street\u2019<\/strong> exhibition. Co-organised with the <a href=\"https:\/\/www.bnf.fr\/fr\"><strong>Biblioth\u00e8que nationale de France<\/strong><\/a>, <strong>227 works<\/strong> are on display tracing the history of Parisian billposting in the second half of the <strong>XIX\u1d49 century<\/strong>. Originally an advertising medium, billboards became a genuine means of communication in their own right, overturning social codes and ideals.<\/p>\n\n\n\n<h2 class=\"wp-block-heading\"><strong>The origins of billposting<\/strong><\/h2>\n\n\n\n<p>The art of billposting first appeared in <strong>1539<\/strong> with the publication of the Royal Decrees of Francis 1st. Time was short, techniques evolved and billposting became more widespread. It was in a Paris marked by the <a href=\"https:\/\/www.citeco.fr\/10000-ans-histoire-economie\/revolutions-industrielles\/la-seconde-revolution-industrielle\"><strong>Industrial Revolution<\/strong><\/a> and the <a href=\"https:\/\/www.paris.fr\/pages\/haussmann-l-homme-qui-a-transforme-paris-23091\"><strong>Haussmann works<\/strong><\/a> that these giant pieces of paper flourished and grew in scale. With ever-larger public spaces, the arrival of colour on paper and a desire for modernity, posters took off and became a factor in the move towards the <em><strong>\u2018modern city\u2019.<\/strong><\/em><\/p>\n\n\n\n<div class=\"wp-block-columns are-vertically-aligned-center is-layout-flex wp-container-core-columns-is-layout-1 wp-block-columns-is-layout-flex\">\n<div class=\"wp-block-column is-vertically-aligned-center is-layout-flow wp-block-column-is-layout-flow\"><div class=\"wp-block-image\">\n<figure class=\"aligncenter size-large\"><img loading=\"lazy\" decoding=\"async\" width=\"766\" height=\"1024\" src=\"https:\/\/www.museumtv.art\/wp-content\/uploads\/2025\/07\/Thophile_Steinlen_-_Tourne_du_Chat_Noir_de_Rodolphe_Salis_Tour_of_Rodolphe_Salis_Chat_Noir_-_MeisterDrucke-878175-766x1024.jpg\" alt=\"Th\u00e9ophile Alexandre Steinlen (1859-1923) Imprimerie Charles Verneau (Paris) Coming soon. Tourn\u00e9e du Chat Noir by Rodolphe Salis, 1896 Colour lithograph, 140 \u00d7 100 cm Paris, Biblioth\u00e8que nationale de France, D\u00e9partement des Estampes et de la photographie Photo BnF\" class=\"wp-image-226625\" srcset=\"https:\/\/www.museumtv.art\/wp-content\/uploads\/2025\/07\/Thophile_Steinlen_-_Tourne_du_Chat_Noir_de_Rodolphe_Salis_Tour_of_Rodolphe_Salis_Chat_Noir_-_MeisterDrucke-878175-766x1024.jpg 766w, https:\/\/www.museumtv.art\/wp-content\/uploads\/2025\/07\/Thophile_Steinlen_-_Tourne_du_Chat_Noir_de_Rodolphe_Salis_Tour_of_Rodolphe_Salis_Chat_Noir_-_MeisterDrucke-878175-225x300.jpg 225w, https:\/\/www.museumtv.art\/wp-content\/uploads\/2025\/07\/Thophile_Steinlen_-_Tourne_du_Chat_Noir_de_Rodolphe_Salis_Tour_of_Rodolphe_Salis_Chat_Noir_-_MeisterDrucke-878175-768x1026.jpg 768w, https:\/\/www.museumtv.art\/wp-content\/uploads\/2025\/07\/Thophile_Steinlen_-_Tourne_du_Chat_Noir_de_Rodolphe_Salis_Tour_of_Rodolphe_Salis_Chat_Noir_-_MeisterDrucke-878175.jpg 943w\" sizes=\"auto, (max-width: 766px) 100vw, 766px\" \/><figcaption class=\"wp-element-caption\"><em>Th\u00e9ophile Alexandre Steinlen (1859-1923) Imprimerie Charles Verneau (Paris) Coming soon. Tourn\u00e9e du Chat Noir by Rodolphe Salis, 1896 Colour lithograph, 140 \u00d7 100 cm Paris,<a href=\"https:\/\/www.bnf.fr\/fr\"> Biblioth\u00e8que nationale de France<\/a>, D\u00e9partement des Estampes et de la photographie Photo BnF<\/em><\/figcaption><\/figure><\/div><\/div>\n\n\n\n<div class=\"wp-block-column is-vertically-aligned-center is-layout-flow wp-block-column-is-layout-flow\"><div class=\"wp-block-image\">\n<figure class=\"aligncenter size-full\"><img loading=\"lazy\" decoding=\"async\" width=\"400\" height=\"547\" src=\"https:\/\/www.museumtv.art\/wp-content\/uploads\/2025\/07\/Jules-Cheret-Reproduction-of-a-Poster-Advertising-the-Bal-au-Moulin-Rouge-MeisterDrucke-265506.jpg\" alt=\"Jules Ch\u00e9ret (1836-1932) Imprimerie Chaix (Paris) Bal du Moulin Rouge, 1889 Colour lithograph, 122 \u00d7 86 cm Paris, Biblioth\u00e8que nationale de France, D\u00e9partement des Estampes et de la photographie Photo BnF\" class=\"wp-image-226627\" srcset=\"https:\/\/www.museumtv.art\/wp-content\/uploads\/2025\/07\/Jules-Cheret-Reproduction-of-a-Poster-Advertising-the-Bal-au-Moulin-Rouge-MeisterDrucke-265506.jpg 400w, https:\/\/www.museumtv.art\/wp-content\/uploads\/2025\/07\/Jules-Cheret-Reproduction-of-a-Poster-Advertising-the-Bal-au-Moulin-Rouge-MeisterDrucke-265506-219x300.jpg 219w\" sizes=\"auto, (max-width: 400px) 100vw, 400px\" \/><figcaption class=\"wp-element-caption\"><em>Jules Ch\u00e9ret (1836-1932) Imprimerie Chaix (Paris) Bal du Moulin Rouge, 1889 Colour lithograph, 122 \u00d7 86 cm <a href=\"https:\/\/www.bnf.fr\/fr\">Paris, Biblioth\u00e8que nationale de France<\/a>, D\u00e9partement des Estampes et de la photographie Photo BnF<\/em><\/figcaption><\/figure><\/div><\/div>\n<\/div>\n\n\n\n<p>From their origins as<strong> advertising<\/strong>, posters served culture and commerce. From shows and new releases to exhibitions and cabaret, over time posters became more than just merchandise, they became a means of aesthetic communication. However, not everyone agrees with this phenomenon. Seen as a symbol of novelty, for some they are becoming a veritable visual pollution.<\/p>\n\n\n\n<p>These posters, ephemeral as they were, have been brought together at the Mus\u00e9e d&#8217;Orsay to shed light on the beginnings of communication through images. Rarely brought together, this collection represents the roots of a Paris on the move.<\/p>\n\n\n\n<h2 class=\"wp-block-heading\"><strong>A poster in the service of politics<\/strong><\/h2>\n\n\n\n<p>What if posters were also a <strong>political<\/strong> issue? Under the <a href=\"https:\/\/www.legifrance.gouv.fr\/loda\/id\/LEGITEXT000006070722\"><strong>law of 29 July 1881<\/strong><\/a>, freedom of expression has been reaffirmed, giving a new twist to the use of posters. Long seen as a means of advertising and cultural promotion, billboards are now taking on a <strong>political role.<\/strong> The public space, which had long been under state control, became a place for discussion and debate, where posters became <strong>visual weapons<\/strong>.<\/p>\n\n\n\n<p>Serving all parties and ideals, this new mode of political communication is gradually sweeping away the art of cultural posters. The open-air museum that was Paris disappeared to make way for convictions. Initially in the service of politically committed novels such as those by <a href=\"https:\/\/www.universalis.fr\/encyclopedie\/emile-zola\/\"><strong>\u00c9mile Zola<\/strong><\/a>, over time they came to serve causes in their raw, unfiltered state, full of opinions.<\/p>\n\n\n<div class=\"wp-block-image\">\n<figure class=\"aligncenter size-large\"><img loading=\"lazy\" decoding=\"async\" width=\"1024\" height=\"767\" src=\"https:\/\/www.museumtv.art\/wp-content\/uploads\/2025\/07\/Affiche-dEmile-Zola-Paris-1024x767.webp\" alt=\"Steinlen, Th\u00e9ophile Alexandre - 1898 - Roman d&#039;\u00c9mile Zola - Expos\u00e9e au Mus\u00e9e d&#039;Orsay\" class=\"wp-image-226626\" srcset=\"https:\/\/www.museumtv.art\/wp-content\/uploads\/2025\/07\/Affiche-dEmile-Zola-Paris-1024x767.webp 1024w, https:\/\/www.museumtv.art\/wp-content\/uploads\/2025\/07\/Affiche-dEmile-Zola-Paris-300x225.webp 300w, https:\/\/www.museumtv.art\/wp-content\/uploads\/2025\/07\/Affiche-dEmile-Zola-Paris-768x576.webp 768w, https:\/\/www.museumtv.art\/wp-content\/uploads\/2025\/07\/Affiche-dEmile-Zola-Paris-1536x1151.webp 1536w, https:\/\/www.museumtv.art\/wp-content\/uploads\/2025\/07\/Affiche-dEmile-Zola-Paris.webp 1600w\" sizes=\"auto, (max-width: 1024px) 100vw, 1024px\" \/><figcaption class=\"wp-element-caption\"><em>Steinlen, Th\u00e9ophile Alexandre &#8211; 1898 &#8211; Roman d&#8217;\u00c9mile Zola &#8211;&nbsp;<a href=\"https:\/\/www.musee-orsay.fr\/fr\" target=\"_blank\" rel=\"noreferrer noopener\">Expos\u00e9e au Mus\u00e9e d&#8217;Orsay<\/a><\/em><\/figcaption><\/figure><\/div>\n\n<div class=\"wp-block-image\">\n<figure class=\"aligncenter size-large\"><img loading=\"lazy\" decoding=\"async\" width=\"1024\" height=\"760\" src=\"https:\/\/www.museumtv.art\/wp-content\/uploads\/2025\/07\/A-bas-les-calottes-Affiche-Paris-1024x760.jpg\" alt=\"Gustave-Henri Jossot - A bas les calottes - Expos\u00e9e au Mus\u00e9e d&#039;Orsay\" class=\"wp-image-226628\" srcset=\"https:\/\/www.museumtv.art\/wp-content\/uploads\/2025\/07\/A-bas-les-calottes-Affiche-Paris-1024x760.jpg 1024w, https:\/\/www.museumtv.art\/wp-content\/uploads\/2025\/07\/A-bas-les-calottes-Affiche-Paris-300x223.jpg 300w, https:\/\/www.museumtv.art\/wp-content\/uploads\/2025\/07\/A-bas-les-calottes-Affiche-Paris-768x570.jpg 768w, https:\/\/www.museumtv.art\/wp-content\/uploads\/2025\/07\/A-bas-les-calottes-Affiche-Paris-1536x1140.jpg 1536w, https:\/\/www.museumtv.art\/wp-content\/uploads\/2025\/07\/A-bas-les-calottes-Affiche-Paris.jpg 1600w\" sizes=\"auto, (max-width: 1024px) 100vw, 1024px\" \/><figcaption class=\"wp-element-caption\"><em>Gustave-Henri Jossot &#8211; A bas les calottes &#8211;&nbsp;<a href=\"https:\/\/www.musee-orsay.fr\/fr\" target=\"_blank\" rel=\"noreferrer noopener\">Expos\u00e9e au Mus\u00e9e d&#8217;Orsay<\/a><\/em><\/figcaption><\/figure><\/div>\n\n\n<h2 class=\"wp-block-heading\"><strong>The poster today<\/strong><\/h2>\n\n\n\n<p>But what about today? Although posters had their heyday in the second half of the 19\u1d49 century, they have not disappeared for all that. From films and concerts to novelties and exhibitions, posters have retained a <strong>central place<\/strong> in today&#8217;s society. Mixing <strong>culture and politics<\/strong>, they are now both an infinite playground for artists, but also a visual weapon to defend these ideals.<\/p>\n\n\n\n<p><strong>From 18 March to 6 July 2025<\/strong>, the Mus\u00e9e d&#8217;Orsay invites you to discover and contemplate these posters from the past. In a setting steeped in history, these posters come back to life, bursting with colour and memories.<\/p>\n\n\n\n<p>To find out more about the art of postering, watch our <a href=\"https:\/\/my.museumtv.art\/content\/art-poster-in-paris-streets\"><strong>documentary<\/strong><\/a> about the &#8220;L&#8217;art est dans la rue exhibition&#8221; at the Mus\u00e9e d&#8217;Orsay on our <a href=\"https:\/\/my.museumtv.art\/\"><strong>online platform<\/strong><\/a>.<\/p>\n\n\n\n<p><\/p>\n","protected":false},"excerpt":{"rendered":"<p>From 18 March to 6 July 2025, the Mus\u00e9e d&#8217;Orsay is hosting the \u2018Art is in the Street\u2019 exhibition. Tracing the history of billposting during the mid-19\u1d49 century in Paris, nearly 230 works are on display. Cultural, political, militant or even artistic posters, the exhibition takes you on a journey to the beginnings of the [&hellip;]<\/p>\n","protected":false},"author":1,"featured_media":226629,"comment_status":"closed","ping_status":"open","sticky":false,"template":"","format":"standard","meta":{"footnotes":""},"categories":[1940],"tags":[115,685,50,1115],"group":[549],"support":[1931],"class_list":["post-226635","post","type-post","status-publish","format-standard","has-post-thumbnail","hentry","category-partners","tag-art","tag-expositions","tag-musee-dorsay","tag-museum-tv","group-visits","support-exposition"],"yoast_head":"<!-- This site is optimized with the Yoast SEO plugin v24.0 - https:\/\/yoast.com\/wordpress\/plugins\/seo\/ -->\n<title>Exhibition: Art in the street<\/title>\n<meta name=\"description\" content=\"Discover \u2018L&#039;art est dans la rue\u2019 at the Mus\u00e9e d&#039;Orsay, an exhibition on the poster in Paris in the XIX\u1d49 century, between art, culture, politics and modernity\" \/>\n<meta name=\"robots\" content=\"index, follow, max-snippet:-1, max-image-preview:large, max-video-preview:-1\" \/>\n<link rel=\"canonical\" href=\"https:\/\/www.museumtv.art\/en\/artnews\/agendas\/art-is-in-the-street-an-exhibition-following-in-the-footsteps-of-the-modern-city\/\" \/>\n<meta property=\"og:locale\" content=\"en_US\" \/>\n<meta property=\"og:type\" content=\"article\" \/>\n<meta property=\"og:title\" content=\"Exhibition: Art in the street\" \/>\n<meta property=\"og:description\" content=\"Discover \u2018L&#039;art est dans la rue\u2019 at the Mus\u00e9e d&#039;Orsay, an exhibition on the poster in Paris in the XIX\u1d49 century, between art, culture, politics and modernity\" \/>\n<meta property=\"og:url\" content=\"https:\/\/www.museumtv.art\/en\/artnews\/agendas\/art-is-in-the-street-an-exhibition-following-in-the-footsteps-of-the-modern-city\/\" \/>\n<meta property=\"og:site_name\" content=\"Museum TV\" \/>\n<meta property=\"article:publisher\" content=\"https:\/\/www.facebook.com\/museumtv.art\/\" \/>\n<meta property=\"article:published_time\" content=\"2025-04-15T07:30:00+00:00\" \/>\n<meta property=\"article:modified_time\" content=\"2025-07-01T09:33:04+00:00\" \/>\n<meta property=\"og:image\" content=\"https:\/\/www.museumtv.art\/wp-content\/uploads\/2025\/07\/Une-lart-est-dans-la-rue.webp\" \/>\n\t<meta property=\"og:image:width\" content=\"1000\" \/>\n\t<meta property=\"og:image:height\" content=\"560\" \/>\n\t<meta property=\"og:image:type\" content=\"image\/webp\" \/>\n<meta name=\"author\" content=\"Museum TV\" \/>\n<meta name=\"twitter:card\" content=\"summary_large_image\" \/>\n<meta name=\"twitter:label1\" content=\"Written by\" \/>\n\t<meta name=\"twitter:data1\" content=\"Museum TV\" \/>\n\t<meta name=\"twitter:label2\" content=\"Est. reading time\" \/>\n\t<meta name=\"twitter:data2\" content=\"4 minutes\" \/>\n<script type=\"application\/ld+json\" class=\"yoast-schema-graph\">{\"@context\":\"https:\/\/schema.org\",\"@graph\":[{\"@type\":\"Article\",\"@id\":\"https:\/\/www.museumtv.art\/en\/artnews\/agendas\/art-is-in-the-street-an-exhibition-following-in-the-footsteps-of-the-modern-city\/#article\",\"isPartOf\":{\"@id\":\"https:\/\/www.museumtv.art\/en\/artnews\/agendas\/art-is-in-the-street-an-exhibition-following-in-the-footsteps-of-the-modern-city\/\"},\"author\":{\"name\":\"Museum TV\",\"@id\":\"https:\/\/www.museumtv.art\/#\/schema\/person\/873b62d9aa571dbed6762831e1e86b82\"},\"headline\":\"\u2018Art is in the street\u2019, an exhibition following in the footsteps of the modern city.\",\"datePublished\":\"2025-04-15T07:30:00+00:00\",\"dateModified\":\"2025-07-01T09:33:04+00:00\",\"mainEntityOfPage\":{\"@id\":\"https:\/\/www.museumtv.art\/en\/artnews\/agendas\/art-is-in-the-street-an-exhibition-following-in-the-footsteps-of-the-modern-city\/\"},\"wordCount\":731,\"publisher\":{\"@id\":\"https:\/\/www.museumtv.art\/#organization\"},\"image\":{\"@id\":\"https:\/\/www.museumtv.art\/en\/artnews\/agendas\/art-is-in-the-street-an-exhibition-following-in-the-footsteps-of-the-modern-city\/#primaryimage\"},\"thumbnailUrl\":\"https:\/\/www.museumtv.art\/wp-content\/uploads\/2025\/07\/Une-lart-est-dans-la-rue.webp\",\"keywords\":[\"Art\",\"expositions\",\"Mus\u00e9e d'Orsay\",\"MUSEUM TV\"],\"articleSection\":[\"Partners\"],\"inLanguage\":\"en-US\"},{\"@type\":\"WebPage\",\"@id\":\"https:\/\/www.museumtv.art\/en\/artnews\/agendas\/art-is-in-the-street-an-exhibition-following-in-the-footsteps-of-the-modern-city\/\",\"url\":\"https:\/\/www.museumtv.art\/en\/artnews\/agendas\/art-is-in-the-street-an-exhibition-following-in-the-footsteps-of-the-modern-city\/\",\"name\":\"Exhibition: Art in the street\",\"isPartOf\":{\"@id\":\"https:\/\/www.museumtv.art\/#website\"},\"primaryImageOfPage\":{\"@id\":\"https:\/\/www.museumtv.art\/en\/artnews\/agendas\/art-is-in-the-street-an-exhibition-following-in-the-footsteps-of-the-modern-city\/#primaryimage\"},\"image\":{\"@id\":\"https:\/\/www.museumtv.art\/en\/artnews\/agendas\/art-is-in-the-street-an-exhibition-following-in-the-footsteps-of-the-modern-city\/#primaryimage\"},\"thumbnailUrl\":\"https:\/\/www.museumtv.art\/wp-content\/uploads\/2025\/07\/Une-lart-est-dans-la-rue.webp\",\"datePublished\":\"2025-04-15T07:30:00+00:00\",\"dateModified\":\"2025-07-01T09:33:04+00:00\",\"description\":\"Discover \u2018L'art est dans la rue\u2019 at the Mus\u00e9e d'Orsay, an exhibition on the poster in Paris in the XIX\u1d49 century, between art, culture, politics and modernity\",\"breadcrumb\":{\"@id\":\"https:\/\/www.museumtv.art\/en\/artnews\/agendas\/art-is-in-the-street-an-exhibition-following-in-the-footsteps-of-the-modern-city\/#breadcrumb\"},\"inLanguage\":\"en-US\",\"potentialAction\":[{\"@type\":\"ReadAction\",\"target\":[\"https:\/\/www.museumtv.art\/en\/artnews\/agendas\/art-is-in-the-street-an-exhibition-following-in-the-footsteps-of-the-modern-city\/\"]}]},{\"@type\":\"ImageObject\",\"inLanguage\":\"en-US\",\"@id\":\"https:\/\/www.museumtv.art\/en\/artnews\/agendas\/art-is-in-the-street-an-exhibition-following-in-the-footsteps-of-the-modern-city\/#primaryimage\",\"url\":\"https:\/\/www.museumtv.art\/wp-content\/uploads\/2025\/07\/Une-lart-est-dans-la-rue.webp\",\"contentUrl\":\"https:\/\/www.museumtv.art\/wp-content\/uploads\/2025\/07\/Une-lart-est-dans-la-rue.webp\",\"width\":1000,\"height\":560},{\"@type\":\"BreadcrumbList\",\"@id\":\"https:\/\/www.museumtv.art\/en\/artnews\/agendas\/art-is-in-the-street-an-exhibition-following-in-the-footsteps-of-the-modern-city\/#breadcrumb\",\"itemListElement\":[{\"@type\":\"ListItem\",\"position\":1,\"name\":\"Accueil\",\"item\":\"https:\/\/www.museumtv.art\/en\/\"},{\"@type\":\"ListItem\",\"position\":2,\"name\":\"\u2018Art is in the street\u2019, an exhibition following in the footsteps of the modern city.\"}]},{\"@type\":\"WebSite\",\"@id\":\"https:\/\/www.museumtv.art\/#website\",\"url\":\"https:\/\/www.museumtv.art\/\",\"name\":\"Museum TV\",\"description\":\"The first channel dedicated to art\",\"publisher\":{\"@id\":\"https:\/\/www.museumtv.art\/#organization\"},\"potentialAction\":[{\"@type\":\"SearchAction\",\"target\":{\"@type\":\"EntryPoint\",\"urlTemplate\":\"https:\/\/www.museumtv.art\/?s={search_term_string}\"},\"query-input\":{\"@type\":\"PropertyValueSpecification\",\"valueRequired\":true,\"valueName\":\"search_term_string\"}}],\"inLanguage\":\"en-US\"},{\"@type\":\"Organization\",\"@id\":\"https:\/\/www.museumtv.art\/#organization\",\"name\":\"Museum TV\",\"url\":\"https:\/\/www.museumtv.art\/\",\"logo\":{\"@type\":\"ImageObject\",\"inLanguage\":\"en-US\",\"@id\":\"https:\/\/www.museumtv.art\/#\/schema\/logo\/image\/\",\"url\":\"https:\/\/www.museumtv.art\/wp-content\/uploads\/2021\/10\/apple-touch-icon-1.png\",\"contentUrl\":\"https:\/\/www.museumtv.art\/wp-content\/uploads\/2021\/10\/apple-touch-icon-1.png\",\"width\":180,\"height\":180,\"caption\":\"Museum TV\"},\"image\":{\"@id\":\"https:\/\/www.museumtv.art\/#\/schema\/logo\/image\/\"},\"sameAs\":[\"https:\/\/www.facebook.com\/museumtv.art\/\",\"https:\/\/www.instagram.com\/museumtv_art\/?hl=fr\",\"https:\/\/www.linkedin.com\/company\/museumtv\"]},{\"@type\":\"Person\",\"@id\":\"https:\/\/www.museumtv.art\/#\/schema\/person\/873b62d9aa571dbed6762831e1e86b82\",\"name\":\"Museum TV\",\"image\":{\"@type\":\"ImageObject\",\"inLanguage\":\"en-US\",\"@id\":\"https:\/\/www.museumtv.art\/#\/schema\/person\/image\/\",\"url\":\"https:\/\/secure.gravatar.com\/avatar\/960a210728dae597280ed069c562c9e3?s=96&d=mm&r=g\",\"contentUrl\":\"https:\/\/secure.gravatar.com\/avatar\/960a210728dae597280ed069c562c9e3?s=96&d=mm&r=g\",\"caption\":\"Museum TV\"},\"sameAs\":[\"https:\/\/dev.museumtv.art\"],\"url\":\"https:\/\/www.museumtv.art\/en\/author\/museum_qclp6l62\/\"}]}<\/script>\n<!-- \/ Yoast SEO plugin. -->","yoast_head_json":{"title":"Exhibition: Art in the street","description":"Discover \u2018L'art est dans la rue\u2019 at the Mus\u00e9e d'Orsay, an exhibition on the poster in Paris in the XIX\u1d49 century, between art, culture, politics and modernity","robots":{"index":"index","follow":"follow","max-snippet":"max-snippet:-1","max-image-preview":"max-image-preview:large","max-video-preview":"max-video-preview:-1"},"canonical":"https:\/\/www.museumtv.art\/en\/artnews\/agendas\/art-is-in-the-street-an-exhibition-following-in-the-footsteps-of-the-modern-city\/","og_locale":"en_US","og_type":"article","og_title":"Exhibition: Art in the street","og_description":"Discover \u2018L'art est dans la rue\u2019 at the Mus\u00e9e d'Orsay, an exhibition on the poster in Paris in the XIX\u1d49 century, between art, culture, politics and modernity","og_url":"https:\/\/www.museumtv.art\/en\/artnews\/agendas\/art-is-in-the-street-an-exhibition-following-in-the-footsteps-of-the-modern-city\/","og_site_name":"Museum TV","article_publisher":"https:\/\/www.facebook.com\/museumtv.art\/","article_published_time":"2025-04-15T07:30:00+00:00","article_modified_time":"2025-07-01T09:33:04+00:00","og_image":[{"width":1000,"height":560,"url":"https:\/\/www.museumtv.art\/wp-content\/uploads\/2025\/07\/Une-lart-est-dans-la-rue.webp","type":"image\/webp"}],"author":"Museum TV","twitter_card":"summary_large_image","twitter_misc":{"Written by":"Museum TV","Est. reading time":"4 minutes"},"schema":{"@context":"https:\/\/schema.org","@graph":[{"@type":"Article","@id":"https:\/\/www.museumtv.art\/en\/artnews\/agendas\/art-is-in-the-street-an-exhibition-following-in-the-footsteps-of-the-modern-city\/#article","isPartOf":{"@id":"https:\/\/www.museumtv.art\/en\/artnews\/agendas\/art-is-in-the-street-an-exhibition-following-in-the-footsteps-of-the-modern-city\/"},"author":{"name":"Museum TV","@id":"https:\/\/www.museumtv.art\/#\/schema\/person\/873b62d9aa571dbed6762831e1e86b82"},"headline":"\u2018Art is in the street\u2019, an exhibition following in the footsteps of the modern city.","datePublished":"2025-04-15T07:30:00+00:00","dateModified":"2025-07-01T09:33:04+00:00","mainEntityOfPage":{"@id":"https:\/\/www.museumtv.art\/en\/artnews\/agendas\/art-is-in-the-street-an-exhibition-following-in-the-footsteps-of-the-modern-city\/"},"wordCount":731,"publisher":{"@id":"https:\/\/www.museumtv.art\/#organization"},"image":{"@id":"https:\/\/www.museumtv.art\/en\/artnews\/agendas\/art-is-in-the-street-an-exhibition-following-in-the-footsteps-of-the-modern-city\/#primaryimage"},"thumbnailUrl":"https:\/\/www.museumtv.art\/wp-content\/uploads\/2025\/07\/Une-lart-est-dans-la-rue.webp","keywords":["Art","expositions","Mus\u00e9e d'Orsay","MUSEUM TV"],"articleSection":["Partners"],"inLanguage":"en-US"},{"@type":"WebPage","@id":"https:\/\/www.museumtv.art\/en\/artnews\/agendas\/art-is-in-the-street-an-exhibition-following-in-the-footsteps-of-the-modern-city\/","url":"https:\/\/www.museumtv.art\/en\/artnews\/agendas\/art-is-in-the-street-an-exhibition-following-in-the-footsteps-of-the-modern-city\/","name":"Exhibition: Art in the street","isPartOf":{"@id":"https:\/\/www.museumtv.art\/#website"},"primaryImageOfPage":{"@id":"https:\/\/www.museumtv.art\/en\/artnews\/agendas\/art-is-in-the-street-an-exhibition-following-in-the-footsteps-of-the-modern-city\/#primaryimage"},"image":{"@id":"https:\/\/www.museumtv.art\/en\/artnews\/agendas\/art-is-in-the-street-an-exhibition-following-in-the-footsteps-of-the-modern-city\/#primaryimage"},"thumbnailUrl":"https:\/\/www.museumtv.art\/wp-content\/uploads\/2025\/07\/Une-lart-est-dans-la-rue.webp","datePublished":"2025-04-15T07:30:00+00:00","dateModified":"2025-07-01T09:33:04+00:00","description":"Discover \u2018L'art est dans la rue\u2019 at the Mus\u00e9e d'Orsay, an exhibition on the poster in Paris in the XIX\u1d49 century, between art, culture, politics and modernity","breadcrumb":{"@id":"https:\/\/www.museumtv.art\/en\/artnews\/agendas\/art-is-in-the-street-an-exhibition-following-in-the-footsteps-of-the-modern-city\/#breadcrumb"},"inLanguage":"en-US","potentialAction":[{"@type":"ReadAction","target":["https:\/\/www.museumtv.art\/en\/artnews\/agendas\/art-is-in-the-street-an-exhibition-following-in-the-footsteps-of-the-modern-city\/"]}]},{"@type":"ImageObject","inLanguage":"en-US","@id":"https:\/\/www.museumtv.art\/en\/artnews\/agendas\/art-is-in-the-street-an-exhibition-following-in-the-footsteps-of-the-modern-city\/#primaryimage","url":"https:\/\/www.museumtv.art\/wp-content\/uploads\/2025\/07\/Une-lart-est-dans-la-rue.webp","contentUrl":"https:\/\/www.museumtv.art\/wp-content\/uploads\/2025\/07\/Une-lart-est-dans-la-rue.webp","width":1000,"height":560},{"@type":"BreadcrumbList","@id":"https:\/\/www.museumtv.art\/en\/artnews\/agendas\/art-is-in-the-street-an-exhibition-following-in-the-footsteps-of-the-modern-city\/#breadcrumb","itemListElement":[{"@type":"ListItem","position":1,"name":"Accueil","item":"https:\/\/www.museumtv.art\/en\/"},{"@type":"ListItem","position":2,"name":"\u2018Art is in the street\u2019, an exhibition following in the footsteps of the modern city."}]},{"@type":"WebSite","@id":"https:\/\/www.museumtv.art\/#website","url":"https:\/\/www.museumtv.art\/","name":"Museum TV","description":"The first channel dedicated to art","publisher":{"@id":"https:\/\/www.museumtv.art\/#organization"},"potentialAction":[{"@type":"SearchAction","target":{"@type":"EntryPoint","urlTemplate":"https:\/\/www.museumtv.art\/?s={search_term_string}"},"query-input":{"@type":"PropertyValueSpecification","valueRequired":true,"valueName":"search_term_string"}}],"inLanguage":"en-US"},{"@type":"Organization","@id":"https:\/\/www.museumtv.art\/#organization","name":"Museum TV","url":"https:\/\/www.museumtv.art\/","logo":{"@type":"ImageObject","inLanguage":"en-US","@id":"https:\/\/www.museumtv.art\/#\/schema\/logo\/image\/","url":"https:\/\/www.museumtv.art\/wp-content\/uploads\/2021\/10\/apple-touch-icon-1.png","contentUrl":"https:\/\/www.museumtv.art\/wp-content\/uploads\/2021\/10\/apple-touch-icon-1.png","width":180,"height":180,"caption":"Museum TV"},"image":{"@id":"https:\/\/www.museumtv.art\/#\/schema\/logo\/image\/"},"sameAs":["https:\/\/www.facebook.com\/museumtv.art\/","https:\/\/www.instagram.com\/museumtv_art\/?hl=fr","https:\/\/www.linkedin.com\/company\/museumtv"]},{"@type":"Person","@id":"https:\/\/www.museumtv.art\/#\/schema\/person\/873b62d9aa571dbed6762831e1e86b82","name":"Museum TV","image":{"@type":"ImageObject","inLanguage":"en-US","@id":"https:\/\/www.museumtv.art\/#\/schema\/person\/image\/","url":"https:\/\/secure.gravatar.com\/avatar\/960a210728dae597280ed069c562c9e3?s=96&d=mm&r=g","contentUrl":"https:\/\/secure.gravatar.com\/avatar\/960a210728dae597280ed069c562c9e3?s=96&d=mm&r=g","caption":"Museum TV"},"sameAs":["https:\/\/dev.museumtv.art"],"url":"https:\/\/www.museumtv.art\/en\/author\/museum_qclp6l62\/"}]}},"_links":{"self":[{"href":"https:\/\/www.museumtv.art\/en\/wp-json\/wp\/v2\/posts\/226635","targetHints":{"allow":["GET"]}}],"collection":[{"href":"https:\/\/www.museumtv.art\/en\/wp-json\/wp\/v2\/posts"}],"about":[{"href":"https:\/\/www.museumtv.art\/en\/wp-json\/wp\/v2\/types\/post"}],"author":[{"embeddable":true,"href":"https:\/\/www.museumtv.art\/en\/wp-json\/wp\/v2\/users\/1"}],"replies":[{"embeddable":true,"href":"https:\/\/www.museumtv.art\/en\/wp-json\/wp\/v2\/comments?post=226635"}],"version-history":[{"count":3,"href":"https:\/\/www.museumtv.art\/en\/wp-json\/wp\/v2\/posts\/226635\/revisions"}],"predecessor-version":[{"id":226643,"href":"https:\/\/www.museumtv.art\/en\/wp-json\/wp\/v2\/posts\/226635\/revisions\/226643"}],"wp:featuredmedia":[{"embeddable":true,"href":"https:\/\/www.museumtv.art\/en\/wp-json\/wp\/v2\/media\/226629"}],"wp:attachment":[{"href":"https:\/\/www.museumtv.art\/en\/wp-json\/wp\/v2\/media?parent=226635"}],"wp:term":[{"taxonomy":"category","embeddable":true,"href":"https:\/\/www.museumtv.art\/en\/wp-json\/wp\/v2\/categories?post=226635"},{"taxonomy":"post_tag","embeddable":true,"href":"https:\/\/www.museumtv.art\/en\/wp-json\/wp\/v2\/tags?post=226635"},{"taxonomy":"group","embeddable":true,"href":"https:\/\/www.museumtv.art\/en\/wp-json\/wp\/v2\/group?post=226635"},{"taxonomy":"support","embeddable":true,"href":"https:\/\/www.museumtv.art\/en\/wp-json\/wp\/v2\/support?post=226635"}],"curies":[{"name":"wp","href":"https:\/\/api.w.org\/{rel}","templated":true}]}}