{"id":226134,"date":"2025-06-16T13:17:35","date_gmt":"2025-06-16T13:17:35","guid":{"rendered":"https:\/\/www.museumtv.art\/artnews\/articles\/"},"modified":"2025-06-16T13:17:36","modified_gmt":"2025-06-16T13:17:36","slug":"tribute-to-gustave-courbet-206-years-old-on-june-10","status":"publish","type":"post","link":"https:\/\/www.museumtv.art\/en\/artnews\/artistes\/tribute-to-gustave-courbet-206-years-old-on-june-10\/","title":{"rendered":"Tribute to Gustave Courbet &#8211; 206 years old on June 10"},"content":{"rendered":"\n<p><a href=\"https:\/\/musee-courbet.fr\/bienvenue-au-pays-de-courbet\/qui-est-courbet\/\">Jean-D\u00e9sir\u00e9 Gustave Courbet<\/a> was born on June 10, 1819 in Ornans, a small village in the Doubs region (Burgundy-Franche-Comt\u00e9). He would have been 206 years old, so Museum TV pays tribute to him and looks back on his artistic career.&#13;\nHis wealthy family intended him to become a lawyer, which is why he arrived in Paris in 1839. Very quickly, the young Gustave decided to devote himself to his passion: painting. He continued his art until his death in 1877.<\/p>\n\n<p>Before arriving in the capital, he had already received artistic instruction from Claude-Antoine Beau (1792-1861) and then from Charles-Antoine Flajoulot (1774-1840). In Paris, he admired and copied the works of the great Flemish, Spanish, and Italian masters at the Luxembourg Museum and the Louvre. <\/p>\n\n<h2 class=\"wp-block-heading\"><span class=\"TextRun SCXW198342025 BCX0\" lang=\"FR-FR\" xml:lang=\"FR-FR\" data-contrast=\"auto\"><span class=\"NormalTextRun SCXW198342025 BCX0\">Launch of <\/span><span class=\"NormalTextRun SpellingErrorV2Themed SCXW198342025 BCX0\">his<\/span> <span class=\"NormalTextRun SpellingErrorV2Themed SCXW198342025 BCX0\">Career<\/span><\/span><span class=\"EOP SCXW198342025 BCX0\" data-ccp-props=\"{}\"> <\/span><\/h2>\n\n<p><span class=\"TextRun SCXW253684430 BCX0\" lang=\"EN-US\" xml:lang=\"EN-US\" data-contrast=\"auto\"><span class=\"NormalTextRun SCXW253684430 BCX0\">In 1844, he was admitted to the Salon official and presented <\/span><span class=\"NormalTextRun ContextualSpellingAndGrammarErrorV2Themed SCXW253684430 BCX0\">Self<\/span><span class=\"NormalTextRun SCXW253684430 BCX0\">-Portrait with a Black Dog there. He gained a certain respect from the Salon of 1848 where he unveiled around ten paintings. With After-Dinner at Ornans, he received a medal in 1849.<\/span><\/span><span class=\"EOP SCXW253684430 BCX0\" data-ccp-props=\"{}\"> <\/span><\/p>\n<div class=\"wp-block-image\">\n<figure class=\"aligncenter size-full\"><img loading=\"lazy\" decoding=\"async\" width=\"470\" height=\"389\" src=\"https:\/\/www.museumtv.art\/wp-content\/uploads\/2025\/06\/chien-noir.png\" alt=\"Self-portrait of Gustave Courbet holding a black dog in his arms.\" class=\"wp-image-226121\" srcset=\"https:\/\/www.museumtv.art\/wp-content\/uploads\/2025\/06\/chien-noir.png 470w, https:\/\/www.museumtv.art\/wp-content\/uploads\/2025\/06\/chien-noir-300x248.png 300w\" sizes=\"auto, (max-width: 470px) 100vw, 470px\" \/><figcaption class=\"wp-element-caption\"><span class=\"TextRun SCXW69853228 BCX0\" lang=\"EN-US\" xml:lang=\"EN-US\" data-contrast=\"auto\"><span class=\"NormalTextRun SCXW69853228 BCX0\">Gustave Courbet, <\/span><\/span><span class=\"TextRun SCXW69853228 BCX0\" lang=\"EN-US\" xml:lang=\"EN-US\" data-contrast=\"auto\"><span class=\"NormalTextRun SCXW69853228 BCX0\">Self-Portrait with Black Dog<\/span><\/span><span class=\"TextRun SCXW69853228 BCX0\" lang=\"EN-US\" xml:lang=\"EN-US\" data-contrast=\"auto\"><span class=\"NormalTextRun SCXW69853228 BCX0\">, 1842-1844, oil on canvas, 46.3 x 55.5 cm, Paris, Petit Palais<\/span><\/span><span class=\"EOP SCXW69853228 BCX0\" data-ccp-props=\"{&quot;335551550&quot;:2,&quot;335551620&quot;:2}\"> <\/span><\/figcaption><\/figure><\/div>\n<p>Courbet produced numerous self-portraits throughout his career. Here, he depicts himself with his youthful features, accompanied by <a href=\"https:\/\/www.petitpalais.paris.fr\/oeuvre\/courbet-au-chien-noir\">his spaniel<\/a>, Simone.<\/p>\n<div class=\"wp-block-image\">\n<figure class=\"aligncenter size-full\"><img loading=\"lazy\" decoding=\"async\" width=\"470\" height=\"350\" src=\"https:\/\/www.museumtv.art\/wp-content\/uploads\/2025\/06\/lapres-dinee.png\" alt=\"Several men are gathered around a table in a dimly lit room during an afternoon gathering in Ornans\" class=\"wp-image-226124\" srcset=\"https:\/\/www.museumtv.art\/wp-content\/uploads\/2025\/06\/lapres-dinee.png 470w, https:\/\/www.museumtv.art\/wp-content\/uploads\/2025\/06\/lapres-dinee-300x223.png 300w\" sizes=\"auto, (max-width: 470px) 100vw, 470px\" \/><figcaption class=\"wp-element-caption\">Gustave Courbet, <a href=\"https:\/\/panoramadelart.com\/analyse\/lapres-diner-ornans\">After-Dinner at Ornans<\/a>, 1848-1849, oil on canvas, 195 x 257 cm, Lille, Palais des Beaux-Arts<\/figcaption><\/figure><\/div>\n<p>This work caused a scandal. The painter depicted a genre scene resembling a history painting. As with the Grand Genre, Courbet created a large canvas in which the figures were identified and identifiable. This reflected the political ideas of the painter, a proponent of the republican system. Every individual could be the subject of a history painting. The search for reality in this work translates into a scene experienced by the artist, non-idealized characters, in their daily lives. <\/p>\n\n<h2 class=\"wp-block-heading\"><span class=\"TextRun SCXW256019030 BCX0\" lang=\"EN-US\" xml:lang=\"EN-US\" data-contrast=\"auto\"><span class=\"NormalTextRun SCXW256019030 BCX0\">The \u201cPavilion of Realism\u201d <\/span><\/span><span class=\"EOP SCXW256019030 BCX0\" data-ccp-props=\"{}\"> <\/span><\/h2>\n\n<p><span class=\"TextRun SCXW138932637 BCX0\" lang=\"EN-US\" xml:lang=\"EN-US\" data-contrast=\"auto\"><span class=\"NormalTextRun SCXW138932637 BCX0\">Thus, Gustave Courbet was <\/span><span class=\"NormalTextRun SCXW138932637 BCX0\">designated<\/span><span class=\"NormalTextRun SCXW138932637 BCX0\"> as the leader of Realism. At the 1855 World&#8217;s Fair, the artist <\/span><span class=\"NormalTextRun SCXW138932637 BCX0\">exhibited<\/span><span class=\"NormalTextRun SCXW138932637 BCX0\"> a few paintings but was unable to present The Painter&#8217;s Studio because the dimensions of this work were too large. Gustave Courbet then created his \u201c<a href=\"https:\/\/materialisme-dialectique.com\/gustave-courbet-le-pavillon-du-realisme\/\">Pavilion of Realism<\/a><\/span><span class=\"NormalTextRun SCXW138932637 BCX0\">\u201d,<\/span><span class=\"NormalTextRun SCXW138932637 BCX0\"> a solo exhibition alongside the exhibition.<\/span><\/span><span class=\"EOP SCXW138932637 BCX0\" data-ccp-props=\"{}\"> <\/span><\/p>\n<div class=\"wp-block-image\">\n<figure class=\"aligncenter size-full\"><img loading=\"lazy\" decoding=\"async\" width=\"502\" height=\"304\" src=\"https:\/\/www.museumtv.art\/wp-content\/uploads\/2025\/06\/latelier.png\" alt=\"Painting by Gustave Courbet depicting a bright and colorful painter&#x2019;s studio, where the artist, positioned at the center, is practicing his art.\" class=\"wp-image-226127\" srcset=\"https:\/\/www.museumtv.art\/wp-content\/uploads\/2025\/06\/latelier.png 502w, https:\/\/www.museumtv.art\/wp-content\/uploads\/2025\/06\/latelier-300x182.png 300w\" sizes=\"auto, (max-width: 502px) 100vw, 502px\" \/><figcaption class=\"wp-element-caption\">Gustave Courbet, <a href=\"https:\/\/www.musee-orsay.fr\/fr\/oeuvres\/latelier-du-peintre-927\">The Painter&#8217;s Studio<\/a>, 1854-1855, oil on canvas, 361 x 598 cm, Paris, Mus\u00e9e d&#8217;Orsay<\/figcaption><\/figure><\/div>\n<p>The exceptionally large canvas is divided into three horizontal planes. On the left, individuals from the so-called &#8220;trivial&#8221; world, namely the common people, depicted as a hunter, a priest, a merchant, or a beggar, for example. These figures are arranged in a sort of jumble, while the individuals on the right are in a more orderly composition. On the right, figures from high society or the artistic world, such as the patron Alfred Bruyas, the critic Champfleury, the philosopher Proudhon, or the painter Baudelaire. Courbet positions himself and his status as a painter at the center of the composition, acting as an interface between these two worlds. The artist is accompanied by a muse, his work materials, a child, and a dog. <\/p>\n<div class=\"wp-block-image\">\n<figure class=\"aligncenter size-full\"><img loading=\"lazy\" decoding=\"async\" width=\"660\" height=\"312\" src=\"https:\/\/www.museumtv.art\/wp-content\/uploads\/2025\/06\/enterrement-.png\" alt=\"Oil on canvas by Gustave Courbet depicting a burial scene.\" class=\"wp-image-226128\" srcset=\"https:\/\/www.museumtv.art\/wp-content\/uploads\/2025\/06\/enterrement-.png 660w, https:\/\/www.museumtv.art\/wp-content\/uploads\/2025\/06\/enterrement--300x142.png 300w\" sizes=\"auto, (max-width: 660px) 100vw, 660px\" \/><figcaption class=\"wp-element-caption\">Gustave Courbet, A Burial at Ornans (Painting of Human Figures, History of a Burial at Ornans), 1849-1850, oil on canvas, 315 x 668 cm, Paris, Mus\u00e9e d&#8217;Orsay<\/figcaption><\/figure><\/div>\n<p><span class=\"TextRun SCXW11243306 BCX0\" lang=\"EN-US\" xml:lang=\"EN-US\" data-contrast=\"auto\"><span class=\"NormalTextRun SCXW11243306 BCX0\"><a href=\"https:\/\/www.musee-orsay.fr\/fr\/oeuvres\/un-enterrement-ornans-924\">A Burial at Ornans<\/a> is also featured in the Pavillon du <\/span><span class=\"NormalTextRun SpellingErrorV2Themed SCXW11243306 BCX0\">R\u00e9alisme<\/span><span class=\"NormalTextRun SCXW11243306 BCX0\">. During its restoration, which was open to the public at the <\/span><span class=\"NormalTextRun SpellingErrorV2Themed SCXW11243306 BCX0\">Mus\u00e9e<\/span><span class=\"NormalTextRun SCXW11243306 BCX0\"> d&#8217;Orsay, <\/span><span class=\"NormalTextRun ContextualSpellingAndGrammarErrorV2Themed SCXW11243306 BCX0\">the many<\/span><span class=\"NormalTextRun SCXW11243306 BCX0\"> modifications were revealed. This work depicts a funeral in which the deceased <\/span><span class=\"NormalTextRun SCXW11243306 BCX0\">remains<\/span><span class=\"NormalTextRun SCXW11243306 BCX0\"> anonymous. The painter managed to obtain burial clothes from the priest and even obtained permission for the clergyman to pose for his work.<\/span><\/span><span class=\"EOP SCXW11243306 BCX0\" data-ccp-props=\"{&quot;335551550&quot;:2,&quot;335551620&quot;:2}\"> <\/span><\/p>\n\n<h2 class=\"wp-block-heading\"><span class=\"TextRun SCXW27030438 BCX0\" lang=\"EN-US\" xml:lang=\"EN-US\" data-contrast=\"auto\"><span class=\"NormalTextRun SCXW27030438 BCX0\">Some notable works<\/span><\/span><span class=\"EOP SCXW27030438 BCX0\" data-ccp-props=\"{&quot;335551550&quot;:1,&quot;335551620&quot;:1}\"> <\/span><\/h2>\n<div class=\"wp-block-image\">\n<figure class=\"aligncenter size-full\"><img loading=\"lazy\" decoding=\"async\" width=\"379\" height=\"312\" src=\"https:\/\/www.museumtv.art\/wp-content\/uploads\/2025\/06\/origine-du-monde.png\" alt=\"\" class=\"wp-image-226131\" srcset=\"https:\/\/www.museumtv.art\/wp-content\/uploads\/2025\/06\/origine-du-monde.png 379w, https:\/\/www.museumtv.art\/wp-content\/uploads\/2025\/06\/origine-du-monde-300x247.png 300w\" sizes=\"auto, (max-width: 379px) 100vw, 379px\" \/><figcaption class=\"wp-element-caption\">Gustave Courbet, The Origin of the World, 1866, oil on canvas, 46.3 x 55.4 cm, Paris, Mus\u00e9e d&#8217;Orsay<\/figcaption><\/figure><\/div>\n<p><span class=\"TextRun SCXW33833262 BCX0\" lang=\"EN-US\" xml:lang=\"EN-US\" data-contrast=\"auto\"><span class=\"NormalTextRun SCXW33833262 BCX0\">This painting, commissioned by the <\/span><span class=\"NormalTextRun ContextualSpellingAndGrammarErrorV2Themed SCXW33833262 BCX0\">Turkish-Egyptian<\/span><span class=\"NormalTextRun SCXW33833262 BCX0\"> diplomat Khalil Bey (1831-1879), depicts a close-up of a female genitalia. The model raises questions. Some claim that she is the commissioner&#8217;s mistress, Constance <\/span><span class=\"NormalTextRun SpellingErrorV2Themed SCXW33833262 BCX0\">Qu\u00e9niaux<\/span><span class=\"NormalTextRun SCXW33833262 BCX0\">. Others suggest that she is Johanna Hifferman, the painter&#8217;s mistress. According to some studies, <a href=\"https:\/\/www.musee-orsay.fr\/fr\/oeuvres\/lorigine-du-monde-69330\">The Origin of the World<\/a> is merely a fragment of the original painting, in which the woman&#8217;s face was visible to all.<\/span><\/span><span class=\"EOP SCXW33833262 BCX0\" data-ccp-props=\"{&quot;335551550&quot;:2,&quot;335551620&quot;:2}\"> <\/span><\/p>\n<div class=\"wp-block-image\">\n<figure class=\"aligncenter size-full\"><img loading=\"lazy\" decoding=\"async\" width=\"447\" height=\"364\" src=\"https:\/\/www.museumtv.art\/wp-content\/uploads\/2025\/06\/le-chene.png\" alt=\"Painting by Gustave Courbet depicting a majestic oak tree placed at the center of the composition\" class=\"wp-image-226130\" srcset=\"https:\/\/www.museumtv.art\/wp-content\/uploads\/2025\/06\/le-chene.png 447w, https:\/\/www.museumtv.art\/wp-content\/uploads\/2025\/06\/le-chene-300x244.png 300w\" sizes=\"auto, (max-width: 447px) 100vw, 447px\" \/><figcaption class=\"wp-element-caption\">Gustave Courbet, <a href=\"https:\/\/musee-courbet.fr\/oeuvre\/le-chene-de-flagey\/\">The Oak of Flagey<\/a> (or Vercingetorix&#8217;s Oak, Caesar&#8217;s Camp near Alesia), 1864, oil on canvas, 103.4 x 125.7 cm, Ornans, Gustave Courbet Museum<\/figcaption><\/figure><\/div>\n<p>Landscapes are an integral part of Courbet&#8217;s work. He enjoyed depicting his native countryside, particularly springs and waterfalls, rocks, and hunting and animals. Here, he depicts a huge oak tree in honor of his childhood home. The title also conveys a political dimension, contrasting Vercingetorix, democracy, and Julius Caesar with imperialism. He criticized the regime of Napoleon III. <\/p>\n<div class=\"wp-block-image\">\n<figure class=\"aligncenter size-full\"><img loading=\"lazy\" decoding=\"async\" width=\"443\" height=\"295\" src=\"https:\/\/www.museumtv.art\/wp-content\/uploads\/2025\/06\/la-truite-.png\" alt=\"\" class=\"wp-image-226129\" srcset=\"https:\/\/www.museumtv.art\/wp-content\/uploads\/2025\/06\/la-truite-.png 443w, https:\/\/www.museumtv.art\/wp-content\/uploads\/2025\/06\/la-truite--300x200.png 300w\" sizes=\"auto, (max-width: 443px) 100vw, 443px\" \/><figcaption class=\"wp-element-caption\">Gustave Courbet, <a href=\"https:\/\/www.musee-orsay.fr\/fr\/oeuvres\/la-truite-930\">The Trout<\/a>, 1873, oil on canvas, 65.5 x 98.5 cm, Paris, Mus\u00e9e d&#8217;Orsay<\/figcaption><\/figure><\/div>\n<p>Gustave Courbet joined the <a href=\"https:\/\/www.musee-orsay.fr\/fr\/agenda\/expositions\/presentation\/courbet-et-la-commune\">Paris Commune<\/a>. It wasn&#8217;t until 1871 that he was accused of participating in the destruction of the Vend\u00f4me Column. He was then imprisoned. He was tried a second time in 1873 and sentenced to pay a fine, for which he lacked the funds. He went into exile in Switzerland and died in illness and poverty in 1877, having been at the height of his fame seven years earlier. Despite the conditions in prison, he still produced some works, mostly still lifes. This painting has a personal evocative value. The fish is depicted as sick, struggling to stay alive in an environment that is not his own. This refers to Courbet&#8217;s imprisonment and his state of health.<\/p>\n\n<p><span class=\"TextRun SCXW50073979 BCX0\" lang=\"EN-US\" xml:lang=\"EN-US\" data-contrast=\"auto\"><span class=\"NormalTextRun SCXW50073979 BCX0\">For more information on the iconic Realist painter, visit our <\/span><\/span><span class=\"TextRun Highlight SCXW50073979 BCX0\" lang=\"EN-US\" xml:lang=\"EN-US\" data-contrast=\"auto\"><span class=\"NormalTextRun SCXW50073979 BCX0\">video-<\/span><\/span><a class=\"Hyperlink SCXW50073979 BCX0\" href=\"https:\/\/www.museumtv.art\/en\/program\/25873-courbet-s00-e56\/\" target=\"_blank\" rel=\"noreferrer noopener\"><span class=\"TextRun Highlight Underlined SCXW50073979 BCX0\" lang=\"EN-US\" xml:lang=\"EN-US\" data-contrast=\"none\"><span class=\"NormalTextRun SCXW50073979 BCX0\" data-ccp-charstyle=\"Hyperlink\">video-on-demand platform<\/span><span class=\"NormalTextRun SCXW50073979 BCX0\" data-ccp-charstyle=\"Hyperlink\">.<\/span><\/span><\/a><span class=\"EOP SCXW50073979 BCX0\" data-ccp-props=\"{&quot;335551550&quot;:1,&quot;335551620&quot;:1}\"> <\/span><\/p>\n\n<p><\/p>\n","protected":false},"excerpt":{"rendered":"<p>Jean-D\u00e9sir\u00e9 Gustave Courbet was born on June 10, 1819 in Ornans, a small village in the Doubs region (Burgundy-Franche-Comt\u00e9). He would have been 206 years old, so Museum TV pays tribute to him and looks back on his artistic career.&#13; His wealthy family intended him to become a lawyer, which is why he arrived in [&hellip;]<\/p>\n","protected":false},"author":104,"featured_media":226133,"comment_status":"closed","ping_status":"open","sticky":false,"template":"","format":"standard","meta":{"footnotes":""},"categories":[1938],"tags":[2351,2424,2539],"group":[547],"support":[1936],"class_list":["post-226134","post","type-post","status-publish","format-standard","has-post-thumbnail","hentry","category-uncategorized","tag-art-en","tag-museum-tv-en","tag-peinture-en","group-portraits","support-peintre"],"yoast_head":"<!-- This site is optimized with the Yoast SEO plugin v24.0 - https:\/\/yoast.com\/wordpress\/plugins\/seo\/ -->\n<title>Tribute to Gustave Courbet - 206 years old on June 10 - Museum TV<\/title>\n<meta name=\"description\" content=\"Tribute to Gustave Courbet on his 206th birthday: a look back at the journey and major works of this master of Realism.\" \/>\n<meta name=\"robots\" content=\"index, follow, max-snippet:-1, max-image-preview:large, max-video-preview:-1\" \/>\n<link rel=\"canonical\" href=\"https:\/\/www.museumtv.art\/en\/artnews\/artistes\/tribute-to-gustave-courbet-206-years-old-on-june-10\/\" \/>\n<meta property=\"og:locale\" content=\"en_US\" \/>\n<meta property=\"og:type\" content=\"article\" \/>\n<meta property=\"og:title\" content=\"Tribute to Gustave Courbet - 206 years old on June 10 - Museum TV\" \/>\n<meta property=\"og:description\" content=\"Tribute to Gustave Courbet on his 206th birthday: a look back at the journey and major works of this master of Realism.\" \/>\n<meta property=\"og:url\" content=\"https:\/\/www.museumtv.art\/en\/artnews\/artistes\/tribute-to-gustave-courbet-206-years-old-on-june-10\/\" \/>\n<meta property=\"og:site_name\" content=\"Museum TV\" \/>\n<meta property=\"article:publisher\" content=\"https:\/\/www.facebook.com\/museumtv.art\/\" \/>\n<meta property=\"article:published_time\" content=\"2025-06-16T13:17:35+00:00\" \/>\n<meta property=\"article:modified_time\" content=\"2025-06-16T13:17:36+00:00\" \/>\n<meta property=\"og:image\" content=\"https:\/\/www.museumtv.art\/wp-content\/uploads\/2025\/06\/Gustave-Courbet.jpg\" \/>\n\t<meta property=\"og:image:width\" content=\"1900\" \/>\n\t<meta property=\"og:image:height\" content=\"941\" \/>\n\t<meta property=\"og:image:type\" content=\"image\/jpeg\" \/>\n<meta name=\"author\" content=\"Berthille Lorillou\" \/>\n<meta name=\"twitter:card\" content=\"summary_large_image\" \/>\n<meta name=\"twitter:label1\" content=\"Written by\" \/>\n\t<meta name=\"twitter:data1\" content=\"Berthille Lorillou\" \/>\n\t<meta name=\"twitter:label2\" content=\"Est. reading time\" \/>\n\t<meta name=\"twitter:data2\" content=\"4 minutes\" \/>\n<script type=\"application\/ld+json\" class=\"yoast-schema-graph\">{\"@context\":\"https:\/\/schema.org\",\"@graph\":[{\"@type\":\"Article\",\"@id\":\"https:\/\/www.museumtv.art\/en\/artnews\/artistes\/tribute-to-gustave-courbet-206-years-old-on-june-10\/#article\",\"isPartOf\":{\"@id\":\"https:\/\/www.museumtv.art\/en\/artnews\/artistes\/tribute-to-gustave-courbet-206-years-old-on-june-10\/\"},\"author\":{\"name\":\"Berthille Lorillou\",\"@id\":\"https:\/\/www.museumtv.art\/#\/schema\/person\/bf6a7cf576a0534e1daa82d7ae4741a5\"},\"headline\":\"Tribute to Gustave Courbet &#8211; 206 years old on June 10\",\"datePublished\":\"2025-06-16T13:17:35+00:00\",\"dateModified\":\"2025-06-16T13:17:36+00:00\",\"mainEntityOfPage\":{\"@id\":\"https:\/\/www.museumtv.art\/en\/artnews\/artistes\/tribute-to-gustave-courbet-206-years-old-on-june-10\/\"},\"wordCount\":896,\"publisher\":{\"@id\":\"https:\/\/www.museumtv.art\/#organization\"},\"image\":{\"@id\":\"https:\/\/www.museumtv.art\/en\/artnews\/artistes\/tribute-to-gustave-courbet-206-years-old-on-june-10\/#primaryimage\"},\"thumbnailUrl\":\"https:\/\/www.museumtv.art\/wp-content\/uploads\/2025\/06\/Gustave-Courbet.jpg\",\"keywords\":[\"Art\",\"MUSEUM TV\",\"peinture\"],\"inLanguage\":\"en-US\"},{\"@type\":\"WebPage\",\"@id\":\"https:\/\/www.museumtv.art\/en\/artnews\/artistes\/tribute-to-gustave-courbet-206-years-old-on-june-10\/\",\"url\":\"https:\/\/www.museumtv.art\/en\/artnews\/artistes\/tribute-to-gustave-courbet-206-years-old-on-june-10\/\",\"name\":\"Tribute to Gustave Courbet - 206 years old on June 10 - Museum TV\",\"isPartOf\":{\"@id\":\"https:\/\/www.museumtv.art\/#website\"},\"primaryImageOfPage\":{\"@id\":\"https:\/\/www.museumtv.art\/en\/artnews\/artistes\/tribute-to-gustave-courbet-206-years-old-on-june-10\/#primaryimage\"},\"image\":{\"@id\":\"https:\/\/www.museumtv.art\/en\/artnews\/artistes\/tribute-to-gustave-courbet-206-years-old-on-june-10\/#primaryimage\"},\"thumbnailUrl\":\"https:\/\/www.museumtv.art\/wp-content\/uploads\/2025\/06\/Gustave-Courbet.jpg\",\"datePublished\":\"2025-06-16T13:17:35+00:00\",\"dateModified\":\"2025-06-16T13:17:36+00:00\",\"description\":\"Tribute to Gustave Courbet on his 206th birthday: a look back at the journey and major works of this master of Realism.\",\"breadcrumb\":{\"@id\":\"https:\/\/www.museumtv.art\/en\/artnews\/artistes\/tribute-to-gustave-courbet-206-years-old-on-june-10\/#breadcrumb\"},\"inLanguage\":\"en-US\",\"potentialAction\":[{\"@type\":\"ReadAction\",\"target\":[\"https:\/\/www.museumtv.art\/en\/artnews\/artistes\/tribute-to-gustave-courbet-206-years-old-on-june-10\/\"]}]},{\"@type\":\"ImageObject\",\"inLanguage\":\"en-US\",\"@id\":\"https:\/\/www.museumtv.art\/en\/artnews\/artistes\/tribute-to-gustave-courbet-206-years-old-on-june-10\/#primaryimage\",\"url\":\"https:\/\/www.museumtv.art\/wp-content\/uploads\/2025\/06\/Gustave-Courbet.jpg\",\"contentUrl\":\"https:\/\/www.museumtv.art\/wp-content\/uploads\/2025\/06\/Gustave-Courbet.jpg\",\"width\":1900,\"height\":941},{\"@type\":\"BreadcrumbList\",\"@id\":\"https:\/\/www.museumtv.art\/en\/artnews\/artistes\/tribute-to-gustave-courbet-206-years-old-on-june-10\/#breadcrumb\",\"itemListElement\":[{\"@type\":\"ListItem\",\"position\":1,\"name\":\"Accueil\",\"item\":\"https:\/\/www.museumtv.art\/en\/\"},{\"@type\":\"ListItem\",\"position\":2,\"name\":\"Tribute to Gustave Courbet &#8211; 206 years old on June 10\"}]},{\"@type\":\"WebSite\",\"@id\":\"https:\/\/www.museumtv.art\/#website\",\"url\":\"https:\/\/www.museumtv.art\/\",\"name\":\"Museum TV\",\"description\":\"The first channel dedicated to art\",\"publisher\":{\"@id\":\"https:\/\/www.museumtv.art\/#organization\"},\"potentialAction\":[{\"@type\":\"SearchAction\",\"target\":{\"@type\":\"EntryPoint\",\"urlTemplate\":\"https:\/\/www.museumtv.art\/?s={search_term_string}\"},\"query-input\":{\"@type\":\"PropertyValueSpecification\",\"valueRequired\":true,\"valueName\":\"search_term_string\"}}],\"inLanguage\":\"en-US\"},{\"@type\":\"Organization\",\"@id\":\"https:\/\/www.museumtv.art\/#organization\",\"name\":\"Museum TV\",\"url\":\"https:\/\/www.museumtv.art\/\",\"logo\":{\"@type\":\"ImageObject\",\"inLanguage\":\"en-US\",\"@id\":\"https:\/\/www.museumtv.art\/#\/schema\/logo\/image\/\",\"url\":\"https:\/\/www.museumtv.art\/wp-content\/uploads\/2021\/10\/apple-touch-icon-1.png\",\"contentUrl\":\"https:\/\/www.museumtv.art\/wp-content\/uploads\/2021\/10\/apple-touch-icon-1.png\",\"width\":180,\"height\":180,\"caption\":\"Museum TV\"},\"image\":{\"@id\":\"https:\/\/www.museumtv.art\/#\/schema\/logo\/image\/\"},\"sameAs\":[\"https:\/\/www.facebook.com\/museumtv.art\/\",\"https:\/\/www.instagram.com\/museumtv_art\/?hl=fr\",\"https:\/\/www.linkedin.com\/company\/museumtv\"]},{\"@type\":\"Person\",\"@id\":\"https:\/\/www.museumtv.art\/#\/schema\/person\/bf6a7cf576a0534e1daa82d7ae4741a5\",\"name\":\"Berthille Lorillou\",\"image\":{\"@type\":\"ImageObject\",\"inLanguage\":\"en-US\",\"@id\":\"https:\/\/www.museumtv.art\/#\/schema\/person\/image\/\",\"url\":\"https:\/\/secure.gravatar.com\/avatar\/e49a1b908ff65cb6458bd57e6050a48f?s=96&d=mm&r=g\",\"contentUrl\":\"https:\/\/secure.gravatar.com\/avatar\/e49a1b908ff65cb6458bd57e6050a48f?s=96&d=mm&r=g\",\"caption\":\"Berthille Lorillou\"},\"url\":\"https:\/\/www.museumtv.art\/en\/author\/berthille-lorillou\/\"}]}<\/script>\n<!-- \/ Yoast SEO plugin. -->","yoast_head_json":{"title":"Tribute to Gustave Courbet - 206 years old on June 10 - Museum TV","description":"Tribute to Gustave Courbet on his 206th birthday: a look back at the journey and major works of this master of Realism.","robots":{"index":"index","follow":"follow","max-snippet":"max-snippet:-1","max-image-preview":"max-image-preview:large","max-video-preview":"max-video-preview:-1"},"canonical":"https:\/\/www.museumtv.art\/en\/artnews\/artistes\/tribute-to-gustave-courbet-206-years-old-on-june-10\/","og_locale":"en_US","og_type":"article","og_title":"Tribute to Gustave Courbet - 206 years old on June 10 - Museum TV","og_description":"Tribute to Gustave Courbet on his 206th birthday: a look back at the journey and major works of this master of Realism.","og_url":"https:\/\/www.museumtv.art\/en\/artnews\/artistes\/tribute-to-gustave-courbet-206-years-old-on-june-10\/","og_site_name":"Museum TV","article_publisher":"https:\/\/www.facebook.com\/museumtv.art\/","article_published_time":"2025-06-16T13:17:35+00:00","article_modified_time":"2025-06-16T13:17:36+00:00","og_image":[{"width":1900,"height":941,"url":"https:\/\/www.museumtv.art\/wp-content\/uploads\/2025\/06\/Gustave-Courbet.jpg","type":"image\/jpeg"}],"author":"Berthille Lorillou","twitter_card":"summary_large_image","twitter_misc":{"Written by":"Berthille Lorillou","Est. reading time":"4 minutes"},"schema":{"@context":"https:\/\/schema.org","@graph":[{"@type":"Article","@id":"https:\/\/www.museumtv.art\/en\/artnews\/artistes\/tribute-to-gustave-courbet-206-years-old-on-june-10\/#article","isPartOf":{"@id":"https:\/\/www.museumtv.art\/en\/artnews\/artistes\/tribute-to-gustave-courbet-206-years-old-on-june-10\/"},"author":{"name":"Berthille Lorillou","@id":"https:\/\/www.museumtv.art\/#\/schema\/person\/bf6a7cf576a0534e1daa82d7ae4741a5"},"headline":"Tribute to Gustave Courbet &#8211; 206 years old on June 10","datePublished":"2025-06-16T13:17:35+00:00","dateModified":"2025-06-16T13:17:36+00:00","mainEntityOfPage":{"@id":"https:\/\/www.museumtv.art\/en\/artnews\/artistes\/tribute-to-gustave-courbet-206-years-old-on-june-10\/"},"wordCount":896,"publisher":{"@id":"https:\/\/www.museumtv.art\/#organization"},"image":{"@id":"https:\/\/www.museumtv.art\/en\/artnews\/artistes\/tribute-to-gustave-courbet-206-years-old-on-june-10\/#primaryimage"},"thumbnailUrl":"https:\/\/www.museumtv.art\/wp-content\/uploads\/2025\/06\/Gustave-Courbet.jpg","keywords":["Art","MUSEUM TV","peinture"],"inLanguage":"en-US"},{"@type":"WebPage","@id":"https:\/\/www.museumtv.art\/en\/artnews\/artistes\/tribute-to-gustave-courbet-206-years-old-on-june-10\/","url":"https:\/\/www.museumtv.art\/en\/artnews\/artistes\/tribute-to-gustave-courbet-206-years-old-on-june-10\/","name":"Tribute to Gustave Courbet - 206 years old on June 10 - Museum TV","isPartOf":{"@id":"https:\/\/www.museumtv.art\/#website"},"primaryImageOfPage":{"@id":"https:\/\/www.museumtv.art\/en\/artnews\/artistes\/tribute-to-gustave-courbet-206-years-old-on-june-10\/#primaryimage"},"image":{"@id":"https:\/\/www.museumtv.art\/en\/artnews\/artistes\/tribute-to-gustave-courbet-206-years-old-on-june-10\/#primaryimage"},"thumbnailUrl":"https:\/\/www.museumtv.art\/wp-content\/uploads\/2025\/06\/Gustave-Courbet.jpg","datePublished":"2025-06-16T13:17:35+00:00","dateModified":"2025-06-16T13:17:36+00:00","description":"Tribute to Gustave Courbet on his 206th birthday: a look back at the journey and major works of this master of Realism.","breadcrumb":{"@id":"https:\/\/www.museumtv.art\/en\/artnews\/artistes\/tribute-to-gustave-courbet-206-years-old-on-june-10\/#breadcrumb"},"inLanguage":"en-US","potentialAction":[{"@type":"ReadAction","target":["https:\/\/www.museumtv.art\/en\/artnews\/artistes\/tribute-to-gustave-courbet-206-years-old-on-june-10\/"]}]},{"@type":"ImageObject","inLanguage":"en-US","@id":"https:\/\/www.museumtv.art\/en\/artnews\/artistes\/tribute-to-gustave-courbet-206-years-old-on-june-10\/#primaryimage","url":"https:\/\/www.museumtv.art\/wp-content\/uploads\/2025\/06\/Gustave-Courbet.jpg","contentUrl":"https:\/\/www.museumtv.art\/wp-content\/uploads\/2025\/06\/Gustave-Courbet.jpg","width":1900,"height":941},{"@type":"BreadcrumbList","@id":"https:\/\/www.museumtv.art\/en\/artnews\/artistes\/tribute-to-gustave-courbet-206-years-old-on-june-10\/#breadcrumb","itemListElement":[{"@type":"ListItem","position":1,"name":"Accueil","item":"https:\/\/www.museumtv.art\/en\/"},{"@type":"ListItem","position":2,"name":"Tribute to Gustave Courbet &#8211; 206 years old on June 10"}]},{"@type":"WebSite","@id":"https:\/\/www.museumtv.art\/#website","url":"https:\/\/www.museumtv.art\/","name":"Museum TV","description":"The first channel dedicated to art","publisher":{"@id":"https:\/\/www.museumtv.art\/#organization"},"potentialAction":[{"@type":"SearchAction","target":{"@type":"EntryPoint","urlTemplate":"https:\/\/www.museumtv.art\/?s={search_term_string}"},"query-input":{"@type":"PropertyValueSpecification","valueRequired":true,"valueName":"search_term_string"}}],"inLanguage":"en-US"},{"@type":"Organization","@id":"https:\/\/www.museumtv.art\/#organization","name":"Museum TV","url":"https:\/\/www.museumtv.art\/","logo":{"@type":"ImageObject","inLanguage":"en-US","@id":"https:\/\/www.museumtv.art\/#\/schema\/logo\/image\/","url":"https:\/\/www.museumtv.art\/wp-content\/uploads\/2021\/10\/apple-touch-icon-1.png","contentUrl":"https:\/\/www.museumtv.art\/wp-content\/uploads\/2021\/10\/apple-touch-icon-1.png","width":180,"height":180,"caption":"Museum TV"},"image":{"@id":"https:\/\/www.museumtv.art\/#\/schema\/logo\/image\/"},"sameAs":["https:\/\/www.facebook.com\/museumtv.art\/","https:\/\/www.instagram.com\/museumtv_art\/?hl=fr","https:\/\/www.linkedin.com\/company\/museumtv"]},{"@type":"Person","@id":"https:\/\/www.museumtv.art\/#\/schema\/person\/bf6a7cf576a0534e1daa82d7ae4741a5","name":"Berthille Lorillou","image":{"@type":"ImageObject","inLanguage":"en-US","@id":"https:\/\/www.museumtv.art\/#\/schema\/person\/image\/","url":"https:\/\/secure.gravatar.com\/avatar\/e49a1b908ff65cb6458bd57e6050a48f?s=96&d=mm&r=g","contentUrl":"https:\/\/secure.gravatar.com\/avatar\/e49a1b908ff65cb6458bd57e6050a48f?s=96&d=mm&r=g","caption":"Berthille Lorillou"},"url":"https:\/\/www.museumtv.art\/en\/author\/berthille-lorillou\/"}]}},"_links":{"self":[{"href":"https:\/\/www.museumtv.art\/en\/wp-json\/wp\/v2\/posts\/226134","targetHints":{"allow":["GET"]}}],"collection":[{"href":"https:\/\/www.museumtv.art\/en\/wp-json\/wp\/v2\/posts"}],"about":[{"href":"https:\/\/www.museumtv.art\/en\/wp-json\/wp\/v2\/types\/post"}],"author":[{"embeddable":true,"href":"https:\/\/www.museumtv.art\/en\/wp-json\/wp\/v2\/users\/104"}],"replies":[{"embeddable":true,"href":"https:\/\/www.museumtv.art\/en\/wp-json\/wp\/v2\/comments?post=226134"}],"version-history":[{"count":2,"href":"https:\/\/www.museumtv.art\/en\/wp-json\/wp\/v2\/posts\/226134\/revisions"}],"predecessor-version":[{"id":226145,"href":"https:\/\/www.museumtv.art\/en\/wp-json\/wp\/v2\/posts\/226134\/revisions\/226145"}],"wp:featuredmedia":[{"embeddable":true,"href":"https:\/\/www.museumtv.art\/en\/wp-json\/wp\/v2\/media\/226133"}],"wp:attachment":[{"href":"https:\/\/www.museumtv.art\/en\/wp-json\/wp\/v2\/media?parent=226134"}],"wp:term":[{"taxonomy":"category","embeddable":true,"href":"https:\/\/www.museumtv.art\/en\/wp-json\/wp\/v2\/categories?post=226134"},{"taxonomy":"post_tag","embeddable":true,"href":"https:\/\/www.museumtv.art\/en\/wp-json\/wp\/v2\/tags?post=226134"},{"taxonomy":"group","embeddable":true,"href":"https:\/\/www.museumtv.art\/en\/wp-json\/wp\/v2\/group?post=226134"},{"taxonomy":"support","embeddable":true,"href":"https:\/\/www.museumtv.art\/en\/wp-json\/wp\/v2\/support?post=226134"}],"curies":[{"name":"wp","href":"https:\/\/api.w.org\/{rel}","templated":true}]}}