{"id":225888,"date":"2025-05-30T07:51:06","date_gmt":"2025-05-30T07:51:06","guid":{"rendered":"https:\/\/www.museumtv.art\/artnews\/articles\/not-to-be-missed-in-june-on-museum-tv\/"},"modified":"2025-06-12T09:38:01","modified_gmt":"2025-06-12T09:38:01","slug":"not-to-be-missed-in-june-on-museum-tv","status":"publish","type":"post","link":"https:\/\/www.museumtv.art\/en\/artnews\/agendas\/not-to-be-missed-in-june-on-museum-tv\/","title":{"rendered":"Not to be missed in June on Museum TV"},"content":{"rendered":"\n<p>In June, Museum TV is celebrating Photo Month with an exceptional programme. Discover our new programmes and the month&#8217;s specials.<\/p>\n\n\n\n<h2 class=\"wp-block-heading\">New programm<\/h2>\n\n\n\n<p> Graffiti World<\/p>\n\n\n<div class=\"wp-block-image\">\n<figure class=\"aligncenter size-full\"><img loading=\"lazy\" decoding=\"async\" width=\"800\" height=\"450\" src=\"https:\/\/www.museumtv.art\/wp-content\/uploads\/2025\/05\/image-11.png\" alt=\"\" class=\"wp-image-225873\" srcset=\"https:\/\/www.museumtv.art\/wp-content\/uploads\/2025\/05\/image-11.png 800w, https:\/\/www.museumtv.art\/wp-content\/uploads\/2025\/05\/image-11-300x169.png 300w, https:\/\/www.museumtv.art\/wp-content\/uploads\/2025\/05\/image-11-768x432.png 768w\" sizes=\"auto, (max-width: 800px) 100vw, 800px\" \/><\/figure><\/div>\n\n\n<ul class=\"wp-block-list\">\n<li>From Monday, June 2nd, everyday at 6:55 pm<\/li>\n<\/ul>\n\n\n\n<p>Discover iconic works of street art from around the world. From Tokyo to Reykjavik and Rome, take advantage of this new programme to admire contemporary urban art around the world. <\/p>\n\n\n\n<h2 class=\"wp-block-heading\">Special programming<\/h2>\n\n\n\n<p>Pay tribute to William Turner, master of landscape and painter of light, 250 years after his birth. Celebrate the 400th anniversary of the founding of New York with a special programme dedicated to its emblematic artists.<\/p>\n\n\n\n<h3 class=\"wp-block-heading\">TRIBUTE: 250 YEARS OF TURNER&#8217;S BIRTH<\/h3>\n\n\n<div class=\"wp-block-image\">\n<figure class=\"aligncenter size-full\"><img loading=\"lazy\" decoding=\"async\" width=\"800\" height=\"450\" src=\"https:\/\/www.museumtv.art\/wp-content\/uploads\/2025\/05\/image-13.png\" alt=\"\" class=\"wp-image-225875\" srcset=\"https:\/\/www.museumtv.art\/wp-content\/uploads\/2025\/05\/image-13.png 800w, https:\/\/www.museumtv.art\/wp-content\/uploads\/2025\/05\/image-13-300x169.png 300w, https:\/\/www.museumtv.art\/wp-content\/uploads\/2025\/05\/image-13-768x432.png 768w\" sizes=\"auto, (max-width: 800px) 100vw, 800px\" \/><\/figure><\/div>\n\n\n<ul class=\"wp-block-list\">\n<li><h3 class=\"null\">Friday, June 20th, from 8:00pm<\/h3><\/li>\n<\/ul>\n\n\n\n<p>Museum TV pays tribute to William Turner, master of landscape and painter of light, 250 years after the vintage in which he was born.\r\nImmerse yourself in his world with&nbsp;<strong>Masterpiece &#8211; Turner: Clouds and Water<\/strong>, where experts attempt to reproduce one of his iconic works. Discover his genius in&nbsp;<strong>Within the Frame &#8211; William Turner<\/strong>, a captivating portrait of the painter who revolutionized the English landscape school. Finally, explore his legacy in&nbsp;<strong>Within the Frame &#8211; Turner at the Tate Britain<\/strong>, an immersion in the masterpieces housed in this prestigious museum.<\/p>\n\n\n\n<h2 class=\"wp-block-heading\">400 YEARS OF NEW YORK: PATRON OF THE ARTS<\/h2>\n\n\n\n<figure class=\"wp-block-image size-full\"><img loading=\"lazy\" decoding=\"async\" width=\"800\" height=\"450\" src=\"https:\/\/www.museumtv.art\/wp-content\/uploads\/2025\/05\/image-14.png\" alt=\"\" class=\"wp-image-225876\" srcset=\"https:\/\/www.museumtv.art\/wp-content\/uploads\/2025\/05\/image-14.png 800w, https:\/\/www.museumtv.art\/wp-content\/uploads\/2025\/05\/image-14-300x169.png 300w, https:\/\/www.museumtv.art\/wp-content\/uploads\/2025\/05\/image-14-768x432.png 768w\" sizes=\"auto, (max-width: 800px) 100vw, 800px\" \/><\/figure>\n\n\n\n<ul class=\"wp-block-list\">\n<li><h3 class=\"null\">Saturday June 28th at 2:00pm<\/h3><\/li>\n<\/ul>\n\n\n\n<p>Celebrate the 400th anniversary of New York\u2019s fondation on Museum TV with a special line-up dedicated to its most iconic artists.<\/p>\n\n\n\n<p>Explore the surprising friendship between&nbsp;<strong>Rothko and Hartung in Colors and Cataclysm<\/strong>. Step inside the legendary&nbsp;<strong>Juilliard<\/strong>&nbsp;School to uncover its artistic legacy. Can experts succeed in recreating&nbsp;<strong>Mondrian\u2019s absolute masterpiece<\/strong>? Rediscover the king of pop art in&nbsp;<strong>Andy Warhol \u2013 Fluorescent<\/strong>, and dive into the vibrant world of street artist&nbsp;<strong>JonOne in Artist\u2019s Workshop<\/strong>.<\/p>\n\n\n\n<p>Visit our streaming platform to discover all our programmes and follow our news.<\/p>\n","protected":false},"excerpt":{"rendered":"<p>In June, Museum TV is celebrating Photo Month with an exceptional programme. Discover our new programmes and the month&#8217;s specials. New programm Graffiti World Discover iconic works of street art from around the world. From Tokyo to Reykjavik and Rome, take advantage of this new programme to admire contemporary urban art around the world. Special [&hellip;]<\/p>\n","protected":false},"author":103,"featured_media":226028,"comment_status":"closed","ping_status":"open","sticky":false,"template":"","format":"standard","meta":{"footnotes":""},"categories":[1938],"tags":[2424,2380,2559],"group":[2483],"support":[1928],"class_list":["post-225888","post","type-post","status-publish","format-standard","has-post-thumbnail","hentry","category-uncategorized","tag-museum-tv-en","tag-museumtv-en","tag-photography-en","group-photography","support-evenement"],"yoast_head":"<!-- This site is optimized with the Yoast SEO plugin v24.0 - https:\/\/yoast.com\/wordpress\/plugins\/seo\/ -->\n<title>Not to be missed in June on Museum TV - Museum TV<\/title>\n<meta name=\"description\" content=\"In June, Museum TV is celebrating Le Mois de la Photo with an exceptional programme. Discover the programmes not to be missed this month!\" \/>\n<meta name=\"robots\" content=\"index, follow, max-snippet:-1, max-image-preview:large, max-video-preview:-1\" \/>\n<link rel=\"canonical\" href=\"https:\/\/www.museumtv.art\/en\/artnews\/agendas\/not-to-be-missed-in-june-on-museum-tv\/\" \/>\n<meta property=\"og:locale\" content=\"en_US\" \/>\n<meta property=\"og:type\" content=\"article\" \/>\n<meta property=\"og:title\" content=\"Not to be missed in June on Museum TV - Museum TV\" \/>\n<meta property=\"og:description\" content=\"In June, Museum TV is celebrating Le Mois de la Photo with an exceptional programme. Discover the programmes not to be missed this month!\" \/>\n<meta property=\"og:url\" content=\"https:\/\/www.museumtv.art\/en\/artnews\/agendas\/not-to-be-missed-in-june-on-museum-tv\/\" \/>\n<meta property=\"og:site_name\" content=\"Museum TV\" \/>\n<meta property=\"article:publisher\" content=\"https:\/\/www.facebook.com\/museumtv.art\/\" \/>\n<meta property=\"article:published_time\" content=\"2025-05-30T07:51:06+00:00\" \/>\n<meta property=\"article:modified_time\" content=\"2025-06-12T09:38:01+00:00\" \/>\n<meta property=\"og:image\" content=\"https:\/\/www.museumtv.art\/wp-content\/uploads\/2025\/06\/400-ans-de-new-york-patron-des-arts683c1a6b0e85c.jpg\" \/>\n\t<meta property=\"og:image:width\" content=\"1100\" \/>\n\t<meta property=\"og:image:height\" content=\"721\" \/>\n\t<meta property=\"og:image:type\" content=\"image\/jpeg\" \/>\n<meta name=\"author\" content=\"Anne-Sophie Ngara\" \/>\n<meta name=\"twitter:card\" content=\"summary_large_image\" \/>\n<meta name=\"twitter:label1\" content=\"Written by\" \/>\n\t<meta name=\"twitter:data1\" content=\"Anne-Sophie Ngara\" \/>\n\t<meta name=\"twitter:label2\" content=\"Est. reading time\" \/>\n\t<meta name=\"twitter:data2\" content=\"2 minutes\" \/>\n<script type=\"application\/ld+json\" class=\"yoast-schema-graph\">{\"@context\":\"https:\/\/schema.org\",\"@graph\":[{\"@type\":\"Article\",\"@id\":\"https:\/\/www.museumtv.art\/en\/artnews\/agendas\/not-to-be-missed-in-june-on-museum-tv\/#article\",\"isPartOf\":{\"@id\":\"https:\/\/www.museumtv.art\/en\/artnews\/agendas\/not-to-be-missed-in-june-on-museum-tv\/\"},\"author\":{\"name\":\"Anne-Sophie Ngara\",\"@id\":\"https:\/\/www.museumtv.art\/#\/schema\/person\/291a4cd7116cd99753ea4d2c729e8e47\"},\"headline\":\"Not to be missed in June on Museum TV\",\"datePublished\":\"2025-05-30T07:51:06+00:00\",\"dateModified\":\"2025-06-12T09:38:01+00:00\",\"mainEntityOfPage\":{\"@id\":\"https:\/\/www.museumtv.art\/en\/artnews\/agendas\/not-to-be-missed-in-june-on-museum-tv\/\"},\"wordCount\":321,\"publisher\":{\"@id\":\"https:\/\/www.museumtv.art\/#organization\"},\"image\":{\"@id\":\"https:\/\/www.museumtv.art\/en\/artnews\/agendas\/not-to-be-missed-in-june-on-museum-tv\/#primaryimage\"},\"thumbnailUrl\":\"https:\/\/www.museumtv.art\/wp-content\/uploads\/2025\/06\/400-ans-de-new-york-patron-des-arts683c1a6b0e85c.jpg\",\"keywords\":[\"MUSEUM TV\",\"museumtv\",\"Photography\"],\"inLanguage\":\"en-US\"},{\"@type\":\"WebPage\",\"@id\":\"https:\/\/www.museumtv.art\/en\/artnews\/agendas\/not-to-be-missed-in-june-on-museum-tv\/\",\"url\":\"https:\/\/www.museumtv.art\/en\/artnews\/agendas\/not-to-be-missed-in-june-on-museum-tv\/\",\"name\":\"Not to be missed in June on Museum TV - Museum TV\",\"isPartOf\":{\"@id\":\"https:\/\/www.museumtv.art\/#website\"},\"primaryImageOfPage\":{\"@id\":\"https:\/\/www.museumtv.art\/en\/artnews\/agendas\/not-to-be-missed-in-june-on-museum-tv\/#primaryimage\"},\"image\":{\"@id\":\"https:\/\/www.museumtv.art\/en\/artnews\/agendas\/not-to-be-missed-in-june-on-museum-tv\/#primaryimage\"},\"thumbnailUrl\":\"https:\/\/www.museumtv.art\/wp-content\/uploads\/2025\/06\/400-ans-de-new-york-patron-des-arts683c1a6b0e85c.jpg\",\"datePublished\":\"2025-05-30T07:51:06+00:00\",\"dateModified\":\"2025-06-12T09:38:01+00:00\",\"description\":\"In June, Museum TV is celebrating Le Mois de la Photo with an exceptional programme. Discover the programmes not to be missed this month!\",\"breadcrumb\":{\"@id\":\"https:\/\/www.museumtv.art\/en\/artnews\/agendas\/not-to-be-missed-in-june-on-museum-tv\/#breadcrumb\"},\"inLanguage\":\"en-US\",\"potentialAction\":[{\"@type\":\"ReadAction\",\"target\":[\"https:\/\/www.museumtv.art\/en\/artnews\/agendas\/not-to-be-missed-in-june-on-museum-tv\/\"]}]},{\"@type\":\"ImageObject\",\"inLanguage\":\"en-US\",\"@id\":\"https:\/\/www.museumtv.art\/en\/artnews\/agendas\/not-to-be-missed-in-june-on-museum-tv\/#primaryimage\",\"url\":\"https:\/\/www.museumtv.art\/wp-content\/uploads\/2025\/06\/400-ans-de-new-york-patron-des-arts683c1a6b0e85c.jpg\",\"contentUrl\":\"https:\/\/www.museumtv.art\/wp-content\/uploads\/2025\/06\/400-ans-de-new-york-patron-des-arts683c1a6b0e85c.jpg\",\"width\":1100,\"height\":721,\"caption\":\"C\u00e9l\u00e9brez les 400 ans de la fondation de New York sur Museum TV avec une programmation sp\u00e9ciale d\u00e9di\u00e9e \u00e0 ses artistes embl\u00e9matiques.\"},{\"@type\":\"BreadcrumbList\",\"@id\":\"https:\/\/www.museumtv.art\/en\/artnews\/agendas\/not-to-be-missed-in-june-on-museum-tv\/#breadcrumb\",\"itemListElement\":[{\"@type\":\"ListItem\",\"position\":1,\"name\":\"Accueil\",\"item\":\"https:\/\/www.museumtv.art\/en\/\"},{\"@type\":\"ListItem\",\"position\":2,\"name\":\"Not to be missed in June on Museum TV\"}]},{\"@type\":\"WebSite\",\"@id\":\"https:\/\/www.museumtv.art\/#website\",\"url\":\"https:\/\/www.museumtv.art\/\",\"name\":\"Museum TV\",\"description\":\"The first channel dedicated to art\",\"publisher\":{\"@id\":\"https:\/\/www.museumtv.art\/#organization\"},\"potentialAction\":[{\"@type\":\"SearchAction\",\"target\":{\"@type\":\"EntryPoint\",\"urlTemplate\":\"https:\/\/www.museumtv.art\/?s={search_term_string}\"},\"query-input\":{\"@type\":\"PropertyValueSpecification\",\"valueRequired\":true,\"valueName\":\"search_term_string\"}}],\"inLanguage\":\"en-US\"},{\"@type\":\"Organization\",\"@id\":\"https:\/\/www.museumtv.art\/#organization\",\"name\":\"Museum TV\",\"url\":\"https:\/\/www.museumtv.art\/\",\"logo\":{\"@type\":\"ImageObject\",\"inLanguage\":\"en-US\",\"@id\":\"https:\/\/www.museumtv.art\/#\/schema\/logo\/image\/\",\"url\":\"https:\/\/www.museumtv.art\/wp-content\/uploads\/2021\/10\/apple-touch-icon-1.png\",\"contentUrl\":\"https:\/\/www.museumtv.art\/wp-content\/uploads\/2021\/10\/apple-touch-icon-1.png\",\"width\":180,\"height\":180,\"caption\":\"Museum TV\"},\"image\":{\"@id\":\"https:\/\/www.museumtv.art\/#\/schema\/logo\/image\/\"},\"sameAs\":[\"https:\/\/www.facebook.com\/museumtv.art\/\",\"https:\/\/www.instagram.com\/museumtv_art\/?hl=fr\",\"https:\/\/www.linkedin.com\/company\/museumtv\"]},{\"@type\":\"Person\",\"@id\":\"https:\/\/www.museumtv.art\/#\/schema\/person\/291a4cd7116cd99753ea4d2c729e8e47\",\"name\":\"Anne-Sophie Ngara\",\"image\":{\"@type\":\"ImageObject\",\"inLanguage\":\"en-US\",\"@id\":\"https:\/\/www.museumtv.art\/#\/schema\/person\/image\/\",\"url\":\"https:\/\/secure.gravatar.com\/avatar\/2e03a45d819adf54ed0c413bcfa66ff6?s=96&d=mm&r=g\",\"contentUrl\":\"https:\/\/secure.gravatar.com\/avatar\/2e03a45d819adf54ed0c413bcfa66ff6?s=96&d=mm&r=g\",\"caption\":\"Anne-Sophie Ngara\"},\"url\":\"https:\/\/www.museumtv.art\/en\/author\/anne-sophie-ngaradoumadji\/\"}]}<\/script>\n<!-- \/ Yoast SEO plugin. -->","yoast_head_json":{"title":"Not to be missed in June on Museum TV - Museum TV","description":"In June, Museum TV is celebrating Le Mois de la Photo with an exceptional programme. Discover the programmes not to be missed this month!","robots":{"index":"index","follow":"follow","max-snippet":"max-snippet:-1","max-image-preview":"max-image-preview:large","max-video-preview":"max-video-preview:-1"},"canonical":"https:\/\/www.museumtv.art\/en\/artnews\/agendas\/not-to-be-missed-in-june-on-museum-tv\/","og_locale":"en_US","og_type":"article","og_title":"Not to be missed in June on Museum TV - Museum TV","og_description":"In June, Museum TV is celebrating Le Mois de la Photo with an exceptional programme. Discover the programmes not to be missed this month!","og_url":"https:\/\/www.museumtv.art\/en\/artnews\/agendas\/not-to-be-missed-in-june-on-museum-tv\/","og_site_name":"Museum TV","article_publisher":"https:\/\/www.facebook.com\/museumtv.art\/","article_published_time":"2025-05-30T07:51:06+00:00","article_modified_time":"2025-06-12T09:38:01+00:00","og_image":[{"width":1100,"height":721,"url":"https:\/\/www.museumtv.art\/wp-content\/uploads\/2025\/06\/400-ans-de-new-york-patron-des-arts683c1a6b0e85c.jpg","type":"image\/jpeg"}],"author":"Anne-Sophie Ngara","twitter_card":"summary_large_image","twitter_misc":{"Written by":"Anne-Sophie Ngara","Est. reading time":"2 minutes"},"schema":{"@context":"https:\/\/schema.org","@graph":[{"@type":"Article","@id":"https:\/\/www.museumtv.art\/en\/artnews\/agendas\/not-to-be-missed-in-june-on-museum-tv\/#article","isPartOf":{"@id":"https:\/\/www.museumtv.art\/en\/artnews\/agendas\/not-to-be-missed-in-june-on-museum-tv\/"},"author":{"name":"Anne-Sophie Ngara","@id":"https:\/\/www.museumtv.art\/#\/schema\/person\/291a4cd7116cd99753ea4d2c729e8e47"},"headline":"Not to be missed in June on Museum TV","datePublished":"2025-05-30T07:51:06+00:00","dateModified":"2025-06-12T09:38:01+00:00","mainEntityOfPage":{"@id":"https:\/\/www.museumtv.art\/en\/artnews\/agendas\/not-to-be-missed-in-june-on-museum-tv\/"},"wordCount":321,"publisher":{"@id":"https:\/\/www.museumtv.art\/#organization"},"image":{"@id":"https:\/\/www.museumtv.art\/en\/artnews\/agendas\/not-to-be-missed-in-june-on-museum-tv\/#primaryimage"},"thumbnailUrl":"https:\/\/www.museumtv.art\/wp-content\/uploads\/2025\/06\/400-ans-de-new-york-patron-des-arts683c1a6b0e85c.jpg","keywords":["MUSEUM TV","museumtv","Photography"],"inLanguage":"en-US"},{"@type":"WebPage","@id":"https:\/\/www.museumtv.art\/en\/artnews\/agendas\/not-to-be-missed-in-june-on-museum-tv\/","url":"https:\/\/www.museumtv.art\/en\/artnews\/agendas\/not-to-be-missed-in-june-on-museum-tv\/","name":"Not to be missed in June on Museum TV - Museum TV","isPartOf":{"@id":"https:\/\/www.museumtv.art\/#website"},"primaryImageOfPage":{"@id":"https:\/\/www.museumtv.art\/en\/artnews\/agendas\/not-to-be-missed-in-june-on-museum-tv\/#primaryimage"},"image":{"@id":"https:\/\/www.museumtv.art\/en\/artnews\/agendas\/not-to-be-missed-in-june-on-museum-tv\/#primaryimage"},"thumbnailUrl":"https:\/\/www.museumtv.art\/wp-content\/uploads\/2025\/06\/400-ans-de-new-york-patron-des-arts683c1a6b0e85c.jpg","datePublished":"2025-05-30T07:51:06+00:00","dateModified":"2025-06-12T09:38:01+00:00","description":"In June, Museum TV is celebrating Le Mois de la Photo with an exceptional programme. Discover the programmes not to be missed this month!","breadcrumb":{"@id":"https:\/\/www.museumtv.art\/en\/artnews\/agendas\/not-to-be-missed-in-june-on-museum-tv\/#breadcrumb"},"inLanguage":"en-US","potentialAction":[{"@type":"ReadAction","target":["https:\/\/www.museumtv.art\/en\/artnews\/agendas\/not-to-be-missed-in-june-on-museum-tv\/"]}]},{"@type":"ImageObject","inLanguage":"en-US","@id":"https:\/\/www.museumtv.art\/en\/artnews\/agendas\/not-to-be-missed-in-june-on-museum-tv\/#primaryimage","url":"https:\/\/www.museumtv.art\/wp-content\/uploads\/2025\/06\/400-ans-de-new-york-patron-des-arts683c1a6b0e85c.jpg","contentUrl":"https:\/\/www.museumtv.art\/wp-content\/uploads\/2025\/06\/400-ans-de-new-york-patron-des-arts683c1a6b0e85c.jpg","width":1100,"height":721,"caption":"C\u00e9l\u00e9brez les 400 ans de la fondation de New York sur Museum TV avec une programmation sp\u00e9ciale d\u00e9di\u00e9e \u00e0 ses artistes embl\u00e9matiques."},{"@type":"BreadcrumbList","@id":"https:\/\/www.museumtv.art\/en\/artnews\/agendas\/not-to-be-missed-in-june-on-museum-tv\/#breadcrumb","itemListElement":[{"@type":"ListItem","position":1,"name":"Accueil","item":"https:\/\/www.museumtv.art\/en\/"},{"@type":"ListItem","position":2,"name":"Not to be missed in June on Museum TV"}]},{"@type":"WebSite","@id":"https:\/\/www.museumtv.art\/#website","url":"https:\/\/www.museumtv.art\/","name":"Museum TV","description":"The first channel dedicated to art","publisher":{"@id":"https:\/\/www.museumtv.art\/#organization"},"potentialAction":[{"@type":"SearchAction","target":{"@type":"EntryPoint","urlTemplate":"https:\/\/www.museumtv.art\/?s={search_term_string}"},"query-input":{"@type":"PropertyValueSpecification","valueRequired":true,"valueName":"search_term_string"}}],"inLanguage":"en-US"},{"@type":"Organization","@id":"https:\/\/www.museumtv.art\/#organization","name":"Museum TV","url":"https:\/\/www.museumtv.art\/","logo":{"@type":"ImageObject","inLanguage":"en-US","@id":"https:\/\/www.museumtv.art\/#\/schema\/logo\/image\/","url":"https:\/\/www.museumtv.art\/wp-content\/uploads\/2021\/10\/apple-touch-icon-1.png","contentUrl":"https:\/\/www.museumtv.art\/wp-content\/uploads\/2021\/10\/apple-touch-icon-1.png","width":180,"height":180,"caption":"Museum TV"},"image":{"@id":"https:\/\/www.museumtv.art\/#\/schema\/logo\/image\/"},"sameAs":["https:\/\/www.facebook.com\/museumtv.art\/","https:\/\/www.instagram.com\/museumtv_art\/?hl=fr","https:\/\/www.linkedin.com\/company\/museumtv"]},{"@type":"Person","@id":"https:\/\/www.museumtv.art\/#\/schema\/person\/291a4cd7116cd99753ea4d2c729e8e47","name":"Anne-Sophie Ngara","image":{"@type":"ImageObject","inLanguage":"en-US","@id":"https:\/\/www.museumtv.art\/#\/schema\/person\/image\/","url":"https:\/\/secure.gravatar.com\/avatar\/2e03a45d819adf54ed0c413bcfa66ff6?s=96&d=mm&r=g","contentUrl":"https:\/\/secure.gravatar.com\/avatar\/2e03a45d819adf54ed0c413bcfa66ff6?s=96&d=mm&r=g","caption":"Anne-Sophie Ngara"},"url":"https:\/\/www.museumtv.art\/en\/author\/anne-sophie-ngaradoumadji\/"}]}},"_links":{"self":[{"href":"https:\/\/www.museumtv.art\/en\/wp-json\/wp\/v2\/posts\/225888","targetHints":{"allow":["GET"]}}],"collection":[{"href":"https:\/\/www.museumtv.art\/en\/wp-json\/wp\/v2\/posts"}],"about":[{"href":"https:\/\/www.museumtv.art\/en\/wp-json\/wp\/v2\/types\/post"}],"author":[{"embeddable":true,"href":"https:\/\/www.museumtv.art\/en\/wp-json\/wp\/v2\/users\/103"}],"replies":[{"embeddable":true,"href":"https:\/\/www.museumtv.art\/en\/wp-json\/wp\/v2\/comments?post=225888"}],"version-history":[{"count":2,"href":"https:\/\/www.museumtv.art\/en\/wp-json\/wp\/v2\/posts\/225888\/revisions"}],"predecessor-version":[{"id":226107,"href":"https:\/\/www.museumtv.art\/en\/wp-json\/wp\/v2\/posts\/225888\/revisions\/226107"}],"wp:featuredmedia":[{"embeddable":true,"href":"https:\/\/www.museumtv.art\/en\/wp-json\/wp\/v2\/media\/226028"}],"wp:attachment":[{"href":"https:\/\/www.museumtv.art\/en\/wp-json\/wp\/v2\/media?parent=225888"}],"wp:term":[{"taxonomy":"category","embeddable":true,"href":"https:\/\/www.museumtv.art\/en\/wp-json\/wp\/v2\/categories?post=225888"},{"taxonomy":"post_tag","embeddable":true,"href":"https:\/\/www.museumtv.art\/en\/wp-json\/wp\/v2\/tags?post=225888"},{"taxonomy":"group","embeddable":true,"href":"https:\/\/www.museumtv.art\/en\/wp-json\/wp\/v2\/group?post=225888"},{"taxonomy":"support","embeddable":true,"href":"https:\/\/www.museumtv.art\/en\/wp-json\/wp\/v2\/support?post=225888"}],"curies":[{"name":"wp","href":"https:\/\/api.w.org\/{rel}","templated":true}]}}