{"id":225803,"date":"2025-05-23T14:12:33","date_gmt":"2025-05-23T14:12:33","guid":{"rendered":"https:\/\/www.museumtv.art\/artnews\/articles\/niki-de-saint-phalle-23-years-after-her-death\/"},"modified":"2025-05-23T14:13:04","modified_gmt":"2025-05-23T14:13:04","slug":"niki-de-saint-phalle-23-years-after-her-death","status":"publish","type":"post","link":"https:\/\/www.museumtv.art\/en\/artnews\/artistes\/niki-de-saint-phalle-23-years-after-her-death\/","title":{"rendered":"Niki de Saint Phalle 23 Years After Her Death"},"content":{"rendered":"\n<p><span class=\"TextRun SCXW148370370 BCX8\" lang=\"FR-FR\" xml:lang=\"FR-FR\" data-contrast=\"auto\"><span class=\"NormalTextRun SCXW148370370 BCX8\">Catherine Marie-Agn\u00e8s <\/span><span class=\"NormalTextRun SpellingErrorV2Themed SCXW148370370 BCX8\">Fal<\/span><span class=\"NormalTextRun SCXW148370370 BCX8\"> de Saint Phalle <\/span><span class=\"NormalTextRun SpellingErrorV2Themed SCXW148370370 BCX8\">was<\/span> <span class=\"NormalTextRun SpellingErrorV2Themed SCXW148370370 BCX8\">born<\/span><span class=\"NormalTextRun SCXW148370370 BCX8\"> on <\/span><span class=\"NormalTextRun SpellingErrorV2Themed SCXW148370370 BCX8\">October<\/span><span class=\"NormalTextRun SCXW148370370 BCX8\"> 29, 1930. Her stage <\/span><span class=\"NormalTextRun SpellingErrorV2Themed SCXW148370370 BCX8\">name<\/span><span class=\"NormalTextRun SCXW148370370 BCX8\">, Niki de Saint Phalle, <\/span><span class=\"NormalTextRun SpellingErrorV2Themed SCXW148370370 BCX8\">comes<\/span> <span class=\"NormalTextRun SpellingErrorV2Themed SCXW148370370 BCX8\">from<\/span><span class=\"NormalTextRun SCXW148370370 BCX8\"> a <\/span><span class=\"NormalTextRun SpellingErrorV2Themed SCXW148370370 BCX8\">nickname<\/span> <span class=\"NormalTextRun SpellingErrorV2Themed SCXW148370370 BCX8\">given<\/span><span class=\"NormalTextRun SCXW148370370 BCX8\"> to <\/span><span class=\"NormalTextRun SpellingErrorV2Themed SCXW148370370 BCX8\">her<\/span><span class=\"NormalTextRun SCXW148370370 BCX8\"> by <\/span><span class=\"NormalTextRun SpellingErrorV2Themed SCXW148370370 BCX8\">her<\/span> <span class=\"NormalTextRun SpellingErrorV2Themed SCXW148370370 BCX8\">mother<\/span><span class=\"NormalTextRun SCXW148370370 BCX8\">, <\/span><span class=\"NormalTextRun SpellingErrorV2Themed SCXW148370370 BCX8\">who<\/span> <span class=\"NormalTextRun SpellingErrorV2Themed SCXW148370370 BCX8\">renamed<\/span> <span class=\"NormalTextRun SpellingErrorV2Themed SCXW148370370 BCX8\">her<\/span><span class=\"NormalTextRun SCXW148370370 BCX8\"> &#8220;Niki.&#8221; <\/span><span class=\"NormalTextRun SpellingErrorV2Themed SCXW148370370 BCX8\">She<\/span> <span class=\"NormalTextRun SpellingErrorV2Themed SpellingErrorHighlight SCXW148370370 BCX8\">then<\/span> <span class=\"NormalTextRun SpellingErrorV2Themed SCXW148370370 BCX8\">joined<\/span> <span class=\"NormalTextRun SpellingErrorV2Themed SCXW148370370 BCX8\">her<\/span><span class=\"NormalTextRun SCXW148370370 BCX8\"> parents in the United States, in Greenwich, <\/span><span class=\"NormalTextRun SpellingErrorV2Themed SCXW148370370 BCX8\">where<\/span> <span class=\"NormalTextRun SpellingErrorV2Themed SCXW148370370 BCX8\">she<\/span> <span class=\"NormalTextRun SpellingErrorV2Themed SCXW148370370 BCX8\">was<\/span> <span class=\"NormalTextRun SpellingErrorV2Themed SCXW148370370 BCX8\">raised<\/span><span class=\"NormalTextRun SCXW148370370 BCX8\"> by a <\/span><span class=\"NormalTextRun SpellingErrorV2Themed SCXW148370370 BCX8\">nanny<\/span> <span class=\"NormalTextRun SpellingErrorV2Themed SCXW148370370 BCX8\">named<\/span><span class=\"NormalTextRun SCXW148370370 BCX8\"> &#8220;Nana.&#8221;<\/span><\/span><span class=\"EOP SCXW148370370 BCX8\" data-ccp-props=\"{}\"> <\/span><\/p>\n\n<p><span class=\"TextRun SCXW28993189 BCX8\" lang=\"FR-FR\" xml:lang=\"FR-FR\" data-contrast=\"auto\"><span class=\"NormalTextRun SCXW28993189 BCX8\">In 1994, in <\/span><span class=\"NormalTextRun SpellingErrorV2Themed SCXW28993189 BCX8\">her<\/span><span class=\"NormalTextRun SCXW28993189 BCX8\"> book <\/span><span class=\"NormalTextRun SpellingErrorV2Themed SCXW28993189 BCX8\">My<\/span><span class=\"NormalTextRun SCXW28993189 BCX8\"> Secret, <\/span><span class=\"NormalTextRun SpellingErrorV2Themed SCXW28993189 BCX8\">followed<\/span><span class=\"NormalTextRun SCXW28993189 BCX8\"> by Traces in 1999, <\/span><span class=\"NormalTextRun SpellingErrorV2Themed SCXW28993189 BCX8\">continuing<\/span> <span class=\"NormalTextRun SpellingErrorV2Themed SCXW28993189 BCX8\">this<\/span> <span class=\"NormalTextRun SpellingErrorV2Themed SCXW28993189 BCX8\">autobiographical<\/span><span class=\"NormalTextRun SCXW28993189 BCX8\"> tradition, the <\/span><span class=\"NormalTextRun SpellingErrorV2Themed SCXW28993189 BCX8\">artist<\/span> <span class=\"NormalTextRun SpellingErrorV2Themed SCXW28993189 BCX8\">publicly<\/span> <span class=\"NormalTextRun SpellingErrorV2Themed SCXW28993189 BCX8\">revealed<\/span><span class=\"NormalTextRun SCXW28993189 BCX8\"> the <\/span><span class=\"NormalTextRun SpellingErrorV2Themed SCXW28993189 BCX8\">rape<\/span> <span class=\"NormalTextRun SpellingErrorV2Themed SCXW28993189 BCX8\">she<\/span> <span class=\"NormalTextRun SpellingErrorV2Themed SCXW28993189 BCX8\">suffered<\/span><span class=\"NormalTextRun SCXW28993189 BCX8\"> at the hands of <\/span><span class=\"NormalTextRun SpellingErrorV2Themed SCXW28993189 BCX8\">her<\/span> <span class=\"NormalTextRun SpellingErrorV2Themed SCXW28993189 BCX8\">father<\/span><span class=\"NormalTextRun SCXW28993189 BCX8\"> at the <\/span><span class=\"NormalTextRun SpellingErrorV2Themed SCXW28993189 BCX8\">age<\/span><span class=\"NormalTextRun SCXW28993189 BCX8\"> of 11.<\/span><\/span><span class=\"EOP SCXW28993189 BCX8\" data-ccp-props=\"{}\"> <\/span><\/p>\n\n<h2 class=\"wp-block-heading\"><span class=\"TextRun SCXW32732179 BCX8\" lang=\"FR-FR\" xml:lang=\"FR-FR\" data-contrast=\"auto\"><span class=\"NormalTextRun SCXW32732179 BCX8\">Niki de Saint Phalle, Art, an Escape<\/span><\/span><span class=\"EOP SCXW32732179 BCX8\" data-ccp-props=\"{}\"> <\/span><\/h2>\n\n<p><span class=\"TextRun SCXW233386526 BCX8\" lang=\"FR-FR\" xml:lang=\"FR-FR\" data-contrast=\"auto\"><a href=\"https:\/\/www.museumtv.art\/artnews\/articles\/zoom-sur-niki-de-saint-phalle\/\"><span class=\"NormalTextRun SCXW233386526 BCX8\">Niki <\/span><\/a><span class=\"NormalTextRun SpellingErrorV2Themed SCXW233386526 BCX8\">began<\/span> <span class=\"NormalTextRun SpellingErrorV2Themed SCXW233386526 BCX8\">her<\/span> <span class=\"NormalTextRun SpellingErrorV2Themed SCXW233386526 BCX8\">career<\/span><span class=\"NormalTextRun SCXW233386526 BCX8\"> as <\/span><span class=\"NormalTextRun ContextualSpellingAndGrammarErrorV2Themed SCXW233386526 BCX8\">a<\/span><span class=\"NormalTextRun SCXW233386526 BCX8\"> model <\/span><span class=\"NormalTextRun SpellingErrorV2Themed SCXW233386526 BCX8\">between<\/span><span class=\"NormalTextRun SCXW233386526 BCX8\"> 1948 and 1950, <\/span><span class=\"NormalTextRun SpellingErrorV2Themed SCXW233386526 BCX8\">appearing<\/span><span class=\"NormalTextRun SCXW233386526 BCX8\"> for Vogue, <\/span><span class=\"NormalTextRun SpellingErrorV2Themed SCXW233386526 BCX8\">Harper&#8217;s<\/span> <span class=\"NormalTextRun SpellingErrorV2Themed SCXW233386526 BCX8\">Bazaar<\/span><span class=\"NormalTextRun SCXW233386526 BCX8\">, and <\/span><span class=\"NormalTextRun SpellingErrorV2Themed SCXW233386526 BCX8\">other<\/span><span class=\"NormalTextRun SCXW233386526 BCX8\"> French and American magazines. <\/span><span class=\"NormalTextRun SpellingErrorV2Themed SCXW233386526 BCX8\">She<\/span> <span class=\"NormalTextRun SpellingErrorV2Themed SCXW233386526 BCX8\">married<\/span> <span class=\"NormalTextRun SpellingErrorV2Themed SCXW233386526 BCX8\">writer<\/span><span class=\"NormalTextRun SCXW233386526 BCX8\"> Harry Mathews <\/span><span class=\"NormalTextRun SpellingErrorV2Themed SCXW233386526 BCX8\">during<\/span> <span class=\"NormalTextRun SpellingErrorV2Themed SCXW233386526 BCX8\">this<\/span> <span class=\"NormalTextRun SpellingErrorV2Themed SCXW233386526 BCX8\">same<\/span> <span class=\"NormalTextRun SpellingErrorV2Themed SCXW233386526 BCX8\">period<\/span><span class=\"NormalTextRun SCXW233386526 BCX8\">.<\/span><\/span><span class=\"EOP SCXW233386526 BCX8\" data-ccp-props=\"{}\"> <\/span><\/p>\n\n<p>In 1953, she was forced to interrupt her theater training, which she had begun in 1951, due to severe depression. She was then hospitalized in Nice. This event prompted her to devote herself to art. <\/p>\n\n<p>After the birth of her second child in 1955, her artistic identity began to truly take shape. She traveled to Madrid and Barcelona, where she discovered the world of Antoni Gaud\u00ed. Her encounter with Jean Tinguely in 1956 allowed her to join the New Realists group a few years later. <\/p>\n\n<p><span class=\"TextRun SCXW87837129 BCX8\" lang=\"FR-FR\" xml:lang=\"FR-FR\" data-contrast=\"auto\"><span class=\"NormalTextRun SCXW87837129 BCX8\">The New <\/span><span class=\"NormalTextRun SpellingErrorV2Themed SCXW87837129 BCX8\">Realists<\/span><\/span><span class=\"TextRun SCXW87837129 BCX8\" lang=\"FR-FR\" xml:lang=\"FR-FR\" data-contrast=\"auto\"><span class=\"NormalTextRun SCXW87837129 BCX8\"> <\/span><\/span><span class=\"EOP SCXW87837129 BCX8\" data-ccp-props=\"{}\"> <\/span><\/p>\n<div class=\"wp-block-image\">\n<figure class=\"aligncenter size-full\"><img loading=\"lazy\" decoding=\"async\" width=\"297\" height=\"568\" src=\"https:\/\/www.museumtv.art\/wp-content\/uploads\/2025\/05\/Tir.png\" alt=\"\" class=\"wp-image-225778\" srcset=\"https:\/\/www.museumtv.art\/wp-content\/uploads\/2025\/05\/Tir.png 297w, https:\/\/www.museumtv.art\/wp-content\/uploads\/2025\/05\/Tir-157x300.png 157w\" sizes=\"auto, (max-width: 297px) 100vw, 297px\" \/><figcaption class=\"wp-element-caption\">Niki de Saint Phalle, Tir, 1961, plaster, paint, metal and various objects on chipboard, 175 x 80 cm, Paris, Centre Georges Pompidou <\/figcaption><\/figure><\/div>\n<p><span class=\"TextRun SCXW249822446 BCX8\" lang=\"EN-US\" xml:lang=\"EN-US\" data-contrast=\"auto\"><span class=\"NormalTextRun SCXW249822446 BCX8\">Under the leadership of Yves Klein and Pierre <\/span><span class=\"NormalTextRun SpellingErrorV2Themed SCXW249822446 BCX8\">Restany<\/span><span class=\"NormalTextRun SCXW249822446 BCX8\">, New <\/span><span class=\"NormalTextRun SCXW249822446 BCX8\">Realism<\/span><span class=\"NormalTextRun SCXW249822446 BCX8\">, <\/span><span class=\"NormalTextRun SCXW249822446 BCX8\">already<\/span> <span class=\"NormalTextRun SCXW249822446 BCX8\">present<\/span><span class=\"NormalTextRun SCXW249822446 BCX8\"> in the 1950s, <\/span><span class=\"NormalTextRun SCXW249822446 BCX8\">was<\/span><span class=\"NormalTextRun SCXW249822446 BCX8\"> the <\/span><span class=\"NormalTextRun SCXW249822446 BCX8\">subject<\/span><span class=\"NormalTextRun SCXW249822446 BCX8\"> of a joint <\/span><span class=\"NormalTextRun SCXW249822446 BCX8\">declaration<\/span><span class=\"NormalTextRun SCXW249822446 BCX8\"> in 1960, <\/span><span class=\"NormalTextRun SCXW249822446 BCX8\">officially<\/span> <span class=\"NormalTextRun SCXW249822446 BCX8\">establishing<\/span><span class=\"NormalTextRun SCXW249822446 BCX8\"> the <\/span><span class=\"NormalTextRun SCXW249822446 BCX8\">movement<\/span><span class=\"NormalTextRun SCXW249822446 BCX8\">. This <\/span><span class=\"NormalTextRun SCXW249822446 BCX8\">declaration<\/span> <span class=\"NormalTextRun SCXW249822446 BCX8\">was<\/span> <span class=\"NormalTextRun SCXW249822446 BCX8\">initially<\/span> <span class=\"NormalTextRun SCXW249822446 BCX8\">signed<\/span><span class=\"NormalTextRun SCXW249822446 BCX8\"> by Yves Klein, Pierre <\/span><span class=\"NormalTextRun SpellingErrorV2Themed SCXW249822446 BCX8\">Restany<\/span><span class=\"NormalTextRun SCXW249822446 BCX8\">, Arman, Fran\u00e7ois <\/span><span class=\"NormalTextRun SpellingErrorV2Themed SCXW249822446 BCX8\">Dufr\u00eane<\/span><span class=\"NormalTextRun SCXW249822446 BCX8\">, Raymond <\/span><span class=\"NormalTextRun SCXW249822446 BCX8\">Hains<\/span><span class=\"NormalTextRun SCXW249822446 BCX8\">, Martial <\/span><span class=\"NormalTextRun SpellingErrorV2Themed SCXW249822446 BCX8\">Raysse<\/span><span class=\"NormalTextRun SCXW249822446 BCX8\">, Daniel <\/span><span class=\"NormalTextRun SpellingErrorV2Themed SCXW249822446 BCX8\">Spoerri<\/span><span class=\"NormalTextRun SCXW249822446 BCX8\">, Jean Tinguely, and Jacques de la <\/span><span class=\"NormalTextRun SpellingErrorV2Themed SCXW249822446 BCX8\">Villeg\u00e9<\/span><span class=\"NormalTextRun SCXW249822446 BCX8\">. C\u00e9sar, <\/span><span class=\"NormalTextRun SCXW249822446 BCX8\">Mimmo<\/span><span class=\"NormalTextRun SCXW249822446 BCX8\"> Rotella, Niki de Saint Phalle, and G\u00e9rard Deschamps <\/span><span class=\"NormalTextRun SCXW249822446 BCX8\">joined<\/span><span class=\"NormalTextRun SCXW249822446 BCX8\"> in 1961.<\/span><\/span><span class=\"EOP SCXW249822446 BCX8\" data-ccp-props=\"{}\"> <\/span><\/p>\n\n<p><span class=\"TextRun SCXW86281668 BCX8\" lang=\"EN-US\" xml:lang=\"EN-US\" data-contrast=\"auto\"><span class=\"NormalTextRun SCXW86281668 BCX8\">The characteristics of this movement include the use of everyday and discarded objects. The idea was to make ordinary objects extraordinary and to give them a second meaning after wear and tear. According to the artists of this movement, this allowed them to question the consumer society that was booming in France and around the world at the time. The notion of performance and artistic gestures is also important. This is what Niki de Saint Phalle, the only woman in this group of artists, implemented in her work <\/span><span class=\"NormalTextRun SpellingErrorV2Themed SCXW86281668 BCX8\">Tir<\/span><span class=\"NormalTextRun SCXW86281668 BCX8\"> from 1961. To create this work, she organized 12 shooting actions between 1961 and 1962 on her plaster assemblages populated with bags of colors that exploded when shot from a rifle.<\/span><\/span><span class=\"EOP SCXW86281668 BCX8\" data-ccp-props=\"{}\"> <\/span><\/p>\n<div class=\"wp-block-image\">\n<figure class=\"aligncenter size-full is-resized\"><img loading=\"lazy\" decoding=\"async\" width=\"331\" height=\"256\" src=\"https:\/\/www.museumtv.art\/wp-content\/uploads\/2025\/05\/Tir-2.png\" alt=\"\" class=\"wp-image-225779\" style=\"width:248px;height:auto\" srcset=\"https:\/\/www.museumtv.art\/wp-content\/uploads\/2025\/05\/Tir-2.png 331w, https:\/\/www.museumtv.art\/wp-content\/uploads\/2025\/05\/Tir-2-300x232.png 300w\" sizes=\"auto, (max-width: 331px) 100vw, 331px\" \/><\/figure><\/div>\n<p>In 1959, the artist became acquainted with American artists such as Willem de Kooning, Jackson Pollock, Robert Rauschenberg and Jasper Johns. The influence of these artists is mainly found in the way of applying paint and the chromatic range. <\/p>\n<div class=\"wp-block-image\">\n<figure class=\"aligncenter size-full\"><img loading=\"lazy\" decoding=\"async\" width=\"350\" height=\"293\" src=\"https:\/\/www.museumtv.art\/wp-content\/uploads\/2025\/05\/collection.png\" alt=\"\" class=\"wp-image-225780\" srcset=\"https:\/\/www.museumtv.art\/wp-content\/uploads\/2025\/05\/collection.png 350w, https:\/\/www.museumtv.art\/wp-content\/uploads\/2025\/05\/collection-300x251.png 300w\" sizes=\"auto, (max-width: 350px) 100vw, 350px\" \/><figcaption class=\"wp-element-caption\"><span data-contrast=\"auto\">Robert Rauschenberg, Collection, 1954-1955, fabric, metal, oil, paper, and wood on canvas<\/span><span data-ccp-props=\"{&quot;335551550&quot;:2,&quot;335551620&quot;:2}\"> <\/span><\/figcaption><\/figure><\/div>\n<p><span class=\"TextRun SCXW47350654 BCX8\" lang=\"EN-US\" xml:lang=\"EN-US\" data-contrast=\"auto\"><span class=\"NormalTextRun SCXW47350654 BCX8\">This work shares some similarities, namely the materials used, the chromatic range, and the verticality of the color arrangement, with Niki de Saint Phalle&#8217;s composition<\/span> <\/span><span class=\"TextRun SCXW47350654 BCX8\" lang=\"EN-US\" xml:lang=\"EN-US\" data-contrast=\"auto\"><span class=\"NormalTextRun SpellingErrorV2Themed SCXW47350654 BCX8\">Tir<\/span><\/span><span class=\"TextRun SCXW47350654 BCX8\" lang=\"EN-US\" xml:lang=\"EN-US\" data-contrast=\"auto\"> <span class=\"NormalTextRun SCXW47350654 BCX8\">(<\/span><\/span><span class=\"TextRun SCXW47350654 BCX8\" lang=\"EN-US\" xml:lang=\"EN-US\" data-contrast=\"auto\"><span class=\"NormalTextRun SCXW47350654 BCX8\">Shooting<\/span><\/span><span class=\"TextRun SCXW47350654 BCX8\" lang=\"EN-US\" xml:lang=\"EN-US\" data-contrast=\"auto\"><span class=\"NormalTextRun SCXW47350654 BCX8\">)<\/span><span class=\"NormalTextRun SCXW47350654 BCX8\">.<\/span><\/span><span class=\"EOP SCXW47350654 BCX8\" data-ccp-props=\"{&quot;335551550&quot;:1,&quot;335551620&quot;:1}\"> <\/span><\/p>\n\n<figure class=\"wp-block-gallery has-nested-images columns-default is-cropped wp-block-gallery-1 is-layout-flex wp-block-gallery-is-layout-flex\">\n<figure class=\"wp-block-image size-large\"><img loading=\"lazy\" decoding=\"async\" width=\"258\" height=\"391\" data-id=\"225776\" src=\"https:\/\/www.museumtv.art\/wp-content\/uploads\/2025\/05\/Kooning.png\" alt=\"\" class=\"wp-image-225776\" srcset=\"https:\/\/www.museumtv.art\/wp-content\/uploads\/2025\/05\/Kooning.png 258w, https:\/\/www.museumtv.art\/wp-content\/uploads\/2025\/05\/Kooning-198x300.png 198w\" sizes=\"auto, (max-width: 258px) 100vw, 258px\" \/><figcaption class=\"wp-element-caption\"><span class=\"TextRun SCXW203190127 BCX8\" lang=\"FR-FR\" xml:lang=\"FR-FR\" data-contrast=\"none\"><span class=\"NormalTextRun SCXW203190127 BCX8\">Willem de <\/span><span class=\"NormalTextRun SpellingErrorV2Themed SCXW203190127 BCX8\">Kooniing<\/span><span class=\"NormalTextRun SCXW203190127 BCX8\">, <\/span><\/span><span class=\"TextRun SCXW203190127 BCX8\" lang=\"FR-FR\" xml:lang=\"FR-FR\" data-contrast=\"none\"><span class=\"NormalTextRun SpellingErrorV2Themed SCXW203190127 BCX8\">Seated<\/span> <span class=\"NormalTextRun SpellingErrorV2Themed SCXW203190127 BCX8\">Woman<\/span><\/span><span class=\"TextRun SCXW203190127 BCX8\" lang=\"FR-FR\" xml:lang=\"FR-FR\" data-contrast=\"none\"><span class=\"NormalTextRun SCXW203190127 BCX8\">, 1940, <\/span><span class=\"NormalTextRun SpellingErrorV2Themed SCXW203190127 BCX8\">private<\/span><span class=\"NormalTextRun SCXW203190127 BCX8\"> collection<\/span><\/span><span class=\"EOP SCXW203190127 BCX8\" data-ccp-props=\"{&quot;335551550&quot;:2,&quot;335551620&quot;:2}\"> <\/span><\/figcaption><\/figure>\n\n\n\n<figure class=\"wp-block-image size-large\"><img loading=\"lazy\" decoding=\"async\" width=\"300\" height=\"454\" data-id=\"225777\" src=\"https:\/\/www.museumtv.art\/wp-content\/uploads\/2025\/05\/elisabeth-nana.png\" alt=\"\" class=\"wp-image-225777\" srcset=\"https:\/\/www.museumtv.art\/wp-content\/uploads\/2025\/05\/elisabeth-nana.png 300w, https:\/\/www.museumtv.art\/wp-content\/uploads\/2025\/05\/elisabeth-nana-198x300.png 198w\" sizes=\"auto, (max-width: 300px) 100vw, 300px\" \/><figcaption class=\"wp-element-caption\"><span class=\"TextRun SCXW96187155 BCX8\" lang=\"FR-FR\" xml:lang=\"FR-FR\" data-contrast=\"none\"><span class=\"NormalTextRun SCXW96187155 BCX8\">Niki de Saint Phalle, Elisabeth (Nana), 1965, <\/span><span class=\"NormalTextRun SpellingErrorV2Themed SCXW96187155 BCX8\">fabric<\/span> <span class=\"NormalTextRun SpellingErrorV2Themed SCXW96187155 BCX8\">glued<\/span> <span class=\"NormalTextRun SpellingErrorV2Themed SCXW96187155 BCX8\">with<\/span><span class=\"NormalTextRun SCXW96187155 BCX8\"> animal skin glue on a structure of <\/span><span class=\"NormalTextRun SpellingErrorV2Themed SCXW96187155 BCX8\">wire<\/span> <span class=\"NormalTextRun SpellingErrorV2Themed SCXW96187155 BCX8\">mesh<\/span><span class=\"NormalTextRun SCXW96187155 BCX8\"> and <\/span><span class=\"NormalTextRun SpellingErrorV2Themed SCXW96187155 BCX8\">rebar<\/span><span class=\"NormalTextRun SCXW96187155 BCX8\">, 230 x 90 x 146 cm, Strasbourg Museum of Modern and <\/span><span class=\"NormalTextRun SpellingErrorV2Themed SCXW96187155 BCX8\">Contemporary<\/span><span class=\"NormalTextRun SCXW96187155 BCX8\"> Art<\/span><\/span><span class=\"EOP SCXW96187155 BCX8\" data-ccp-props=\"{&quot;335551550&quot;:2,&quot;335551620&quot;:2}\"> <\/span><\/figcaption><\/figure>\n<\/figure>\n\n<p>Here, the bright colors, the theme of women, and her unconventional position echo the artist&#8217;s famous Nanas. <\/p>\n<div class=\"wp-block-image\">\n<figure class=\"aligncenter size-full is-resized\"><img loading=\"lazy\" decoding=\"async\" width=\"443\" height=\"362\" src=\"https:\/\/www.museumtv.art\/wp-content\/uploads\/2025\/05\/elle-une-cathedrale.png\" alt=\"\" class=\"wp-image-225781\" style=\"width:443px;height:auto\" srcset=\"https:\/\/www.museumtv.art\/wp-content\/uploads\/2025\/05\/elle-une-cathedrale.png 443w, https:\/\/www.museumtv.art\/wp-content\/uploads\/2025\/05\/elle-une-cathedrale-300x245.png 300w\" sizes=\"auto, (max-width: 443px) 100vw, 443px\" \/><figcaption class=\"wp-element-caption\"><span class=\"TextRun SCXW55843495 BCX8\" lang=\"EN-US\" xml:lang=\"EN-US\" data-contrast=\"none\"><span class=\"NormalTextRun SCXW55843495 BCX8\">Niki de Saint Phalle, She &#8211; A Cathedral, 1966, 28 x 23 x 6 m, Stockholm, Moderna Museet<\/span><\/span><span class=\"EOP SCXW55843495 BCX8\" data-ccp-props=\"{&quot;335551550&quot;:2,&quot;335551620&quot;:2}\"> <\/span><\/figcaption><\/figure><\/div>\n<p><span class=\"TextRun SCXW55692608 BCX8\" lang=\"EN-US\" xml:lang=\"EN-US\" data-contrast=\"none\"><span class=\"NormalTextRun SCXW55692608 BCX8\">A part of her rebellious adolescence persists in her works, as does her committed character. Niki wrote and illustrated a book in 1987 for AIDS prevention entitled AIDS: You Can&#8217;t Catch It Holding Hands. The artist is also a feminist and fights against patriarchal domination. One of her most representative works, with its <\/span><span class=\"NormalTextRun ContextualSpellingAndGrammarErrorV2Themed SCXW55692608 BCX8\">sometimes shocking<\/span><span class=\"NormalTextRun SCXW55692608 BCX8\"> approach, is Elle-<\/span><span class=\"NormalTextRun SpellingErrorV2Themed SCXW55692608 BCX8\">une<\/span> <span class=\"NormalTextRun SpellingErrorV2Themed SCXW55692608 BCX8\">cath\u00e9drale<\/span><span class=\"NormalTextRun SCXW55692608 BCX8\">. Created jointly by Niki de Saint Phalle, Jean Tinguely and Per Olof <\/span><span class=\"NormalTextRun SpellingErrorV2Themed SCXW55692608 BCX8\">Ultvedt<\/span><span class=\"NormalTextRun SCXW55692608 BCX8\">, this six-ton \u201cmonument\u201d invites spectators to enter the work through the Nana\u2019s genitals.<\/span><\/span><span class=\"EOP SCXW55692608 BCX8\" data-ccp-props=\"{&quot;335551550&quot;:1,&quot;335551620&quot;:1}\"> <\/span><\/p>\n\n<h2 class=\"wp-block-heading\"><span class=\"TextRun SCXW15807241 BCX8\" lang=\"EN-US\" xml:lang=\"EN-US\" data-contrast=\"none\"><span class=\"NormalTextRun SCXW15807241 BCX8\">A loving partnership<\/span><\/span><span class=\"EOP SCXW15807241 BCX8\" data-ccp-props=\"{&quot;335551550&quot;:1,&quot;335551620&quot;:1}\"> <\/span><\/h2>\n<div class=\"wp-block-image\">\n<figure class=\"aligncenter size-full\"><img loading=\"lazy\" decoding=\"async\" width=\"477\" height=\"268\" src=\"https:\/\/www.museumtv.art\/wp-content\/uploads\/2025\/05\/niki-et-jean.png\" alt=\"\" class=\"wp-image-225782\" srcset=\"https:\/\/www.museumtv.art\/wp-content\/uploads\/2025\/05\/niki-et-jean.png 477w, https:\/\/www.museumtv.art\/wp-content\/uploads\/2025\/05\/niki-et-jean-300x169.png 300w\" sizes=\"auto, (max-width: 477px) 100vw, 477px\" \/><\/figure><\/div>\n<p><span class=\"TextRun SCXW172863228 BCX8\" lang=\"EN-US\" xml:lang=\"EN-US\" data-contrast=\"auto\"><span class=\"NormalTextRun SCXW172863228 BCX8\"><a href=\"https:\/\/www.radiofrance.fr\/franceinter\/niki-de-saint-phalle-jean-tinguely-pontus-hulten-l-exposition-au-grand-palais-du-26-juin-2025-au-4-jan-2026-5416870\">Niki de Saint Phalle and Jean Tinguely&#8217;s partnership<\/a> has become iconic. The two artists are often the subject of joint retrospectives. They jointly produced <\/span><span class=\"NormalTextRun SCXW172863228 BCX8\">numerous<\/span><span class=\"NormalTextRun SCXW172863228 BCX8\"> works, such as the recently restored Stravinsky Fountain in Paris.<\/span><\/span><span class=\"EOP SCXW172863228 BCX8\" data-ccp-props=\"{&quot;335551550&quot;:1,&quot;335551620&quot;:1}\"> <\/span><\/p>\n\n<figure class=\"wp-block-gallery has-nested-images columns-default is-cropped wp-block-gallery-2 is-layout-flex wp-block-gallery-is-layout-flex\">\n<figure class=\"wp-block-image size-large\"><img loading=\"lazy\" decoding=\"async\" width=\"462\" height=\"308\" data-id=\"225785\" src=\"https:\/\/www.museumtv.art\/wp-content\/uploads\/2025\/05\/chapeau.png\" alt=\"\" class=\"wp-image-225785\" srcset=\"https:\/\/www.museumtv.art\/wp-content\/uploads\/2025\/05\/chapeau.png 462w, https:\/\/www.museumtv.art\/wp-content\/uploads\/2025\/05\/chapeau-300x200.png 300w\" sizes=\"auto, (max-width: 462px) 100vw, 462px\" \/><figcaption class=\"wp-element-caption\">The Clown Hat<\/figcaption><\/figure>\n\n\n\n<figure class=\"wp-block-image size-large\"><img loading=\"lazy\" decoding=\"async\" width=\"460\" height=\"306\" data-id=\"225786\" src=\"https:\/\/www.museumtv.art\/wp-content\/uploads\/2025\/05\/bouche.png\" alt=\"\" class=\"wp-image-225786\" srcset=\"https:\/\/www.museumtv.art\/wp-content\/uploads\/2025\/05\/bouche.png 460w, https:\/\/www.museumtv.art\/wp-content\/uploads\/2025\/05\/bouche-300x200.png 300w\" sizes=\"auto, (max-width: 460px) 100vw, 460px\" \/><figcaption class=\"wp-element-caption\">The Mouth<\/figcaption><\/figure>\n<\/figure>\n\n<p>The mechanized sculptures are animated by water jets operating in a closed circuit. The fountain was commissioned by the contemporary mayor of Paris, Jacques Chirac, from the two artists. This commission was made in the 1980s, in favor of monumental contemporary artistic creation. This creation was made in homage to the Russian composer Igor Stravinsky (1882-1971) and inspired by his &#8220;Rite of Spring,&#8221; which caused controversy in 1913 during the ballet&#8217;s performance at the Th\u00e9\u00e2tre des Champs-\u00c9lys\u00e9es. <\/p>\n<div class=\"wp-block-image\">\n<figure class=\"aligncenter size-full\"><img loading=\"lazy\" decoding=\"async\" width=\"645\" height=\"350\" src=\"https:\/\/www.museumtv.art\/wp-content\/uploads\/2025\/05\/jardin-des-tarots.png\" alt=\"\" class=\"wp-image-225787\" srcset=\"https:\/\/www.museumtv.art\/wp-content\/uploads\/2025\/05\/jardin-des-tarots.png 645w, https:\/\/www.museumtv.art\/wp-content\/uploads\/2025\/05\/jardin-des-tarots-300x163.png 300w\" sizes=\"auto, (max-width: 645px) 100vw, 645px\" \/><figcaption class=\"wp-element-caption\"><span class=\"TextRun SCXW194259283 BCX8\" lang=\"EN-US\" xml:lang=\"EN-US\" data-contrast=\"auto\"><span class=\"NormalTextRun SCXW194259283 BCX8\">Niki de Saint Phalle, Jean Tinguely &amp; collaborators, The Tarot Garden, 1979-1998, Italy, <\/span><span class=\"NormalTextRun SpellingErrorV2Themed SCXW194259283 BCX8\">Garavicchio<\/span><span class=\"NormalTextRun SCXW194259283 BCX8\"> di Pescia Fiorentina<\/span><\/span><span class=\"EOP SCXW194259283 BCX8\" data-ccp-props=\"{&quot;335551550&quot;:2,&quot;335551620&quot;:2}\"> <\/span><\/figcaption><\/figure><\/div>\n<p><span class=\"TextRun SCXW183602752 BCX8\" lang=\"EN-US\" xml:lang=\"EN-US\" data-contrast=\"auto\"><span class=\"NormalTextRun SCXW183602752 BCX8\"> <\/span><span class=\"NormalTextRun SCXW183602752 BCX8\">The quintessential Mediterranean Garden features sculptures, fountains, and habitable houses. The Tuscan sun reflects off the works surrounded by olive trees and diverse vegetation. <\/span><\/span><span class=\"TextRun SCXW183602752 BCX8\" lang=\"EN-US\" xml:lang=\"EN-US\" data-contrast=\"auto\"><span class=\"NormalTextRun SCXW183602752 BCX8\">The Tarot Garden<\/span><\/span><span class=\"TextRun SCXW183602752 BCX8\" lang=\"EN-US\" xml:lang=\"EN-US\" data-contrast=\"auto\"><span class=\"NormalTextRun SCXW183602752 BCX8\"> is now administered by the private <\/span><\/span><span class=\"TextRun SCXW183602752 BCX8\" lang=\"EN-US\" xml:lang=\"EN-US\" data-contrast=\"auto\"><span class=\"NormalTextRun SCXW183602752 BCX8\">Foundation Il Giardino <\/span><span class=\"NormalTextRun SpellingErrorV2Themed SCXW183602752 BCX8\">dei<\/span> <span class=\"NormalTextRun SpellingErrorV2Themed SCXW183602752 BCX8\">Tarocchi<\/span><span class=\"NormalTextRun SCXW183602752 BCX8\">.<\/span><\/span><span class=\"EOP SCXW183602752 BCX8\" data-ccp-props=\"{&quot;335551550&quot;:1,&quot;335551620&quot;:1}\"> <\/span><\/p>\n\n<p>Passionate about esotericism, the 22 sculptures represent the Major Arcana of the Tarot. As with all her large-scale sculptures, she applies concrete and polyester to a metal structure, the whole covered with a mosaic of ceramic, glass, or plastic. Since 1983, all ceramics have been made on site. <\/p>\n\n<div class=\"wp-block-group is-nowrap is-layout-flex wp-container-core-group-is-layout-1 wp-block-group-is-layout-flex\">\n<h2 class=\"wp-block-heading\">Some examples of sculptures<\/h2>\n<\/div>\n\n<figure class=\"wp-block-gallery has-nested-images columns-default is-cropped wp-block-gallery-3 is-layout-flex wp-block-gallery-is-layout-flex\">\n<figure class=\"wp-block-image size-large\"><img loading=\"lazy\" decoding=\"async\" width=\"266\" height=\"302\" data-id=\"225788\" src=\"https:\/\/www.museumtv.art\/wp-content\/uploads\/2025\/05\/Soleil-stravinsky.png\" alt=\"\" class=\"wp-image-225788\" srcset=\"https:\/\/www.museumtv.art\/wp-content\/uploads\/2025\/05\/Soleil-stravinsky.png 266w, https:\/\/www.museumtv.art\/wp-content\/uploads\/2025\/05\/Soleil-stravinsky-264x300.png 264w\" sizes=\"auto, (max-width: 266px) 100vw, 266px\" \/><figcaption class=\"wp-element-caption\"><span class=\"TextRun SCXW85882918 BCX8\" lang=\"EN-US\" xml:lang=\"EN-US\" data-contrast=\"auto\"><span class=\"NormalTextRun SCXW85882918 BCX8\">Stravinsky Fountain, The Firebird<\/span><\/span><span class=\"EOP SCXW85882918 BCX8\" data-ccp-props=\"{&quot;335551550&quot;:2,&quot;335551620&quot;:2,&quot;335559731&quot;:0}\"> <\/span><\/figcaption><\/figure>\n\n\n\n<figure class=\"wp-block-image size-large\"><img loading=\"lazy\" decoding=\"async\" width=\"312\" height=\"416\" data-id=\"225789\" src=\"https:\/\/www.museumtv.art\/wp-content\/uploads\/2025\/05\/Soleil-Tarot-.png\" alt=\"\" class=\"wp-image-225789\" srcset=\"https:\/\/www.museumtv.art\/wp-content\/uploads\/2025\/05\/Soleil-Tarot-.png 312w, https:\/\/www.museumtv.art\/wp-content\/uploads\/2025\/05\/Soleil-Tarot--225x300.png 225w\" sizes=\"auto, (max-width: 312px) 100vw, 312px\" \/><\/figure>\n<\/figure>\n\n<ul class=\"wp-block-list\">\n<li><span class=\"TextRun SCXW59644338 BCX8\" lang=\"EN-US\" xml:lang=\"EN-US\" data-contrast=\"auto\"><span class=\"NormalTextRun SCXW59644338 BCX8\">The Sun<\/span><\/span><span class=\"TextRun SCXW59644338 BCX8\" lang=\"EN-US\" xml:lang=\"EN-US\" data-contrast=\"auto\"><span class=\"NormalTextRun SCXW59644338 BCX8\">: The sun is represented by an anthropomorphic structure. He is standing, his legs spread apart to reveal a staircase. His face is a sun, echoing the colors of the Tarot card with his arms. The top of the structure is comparable to that of <\/span><\/span><span class=\"TextRun SCXW59644338 BCX8\" lang=\"EN-US\" xml:lang=\"EN-US\" data-contrast=\"auto\"><span class=\"NormalTextRun SCXW59644338 BCX8\">the Firebird in Stravinsky&#8217;s Fountain<\/span><\/span><span class=\"TextRun SCXW59644338 BCX8\" lang=\"EN-US\" xml:lang=\"EN-US\" data-contrast=\"auto\"><span class=\"NormalTextRun SCXW59644338 BCX8\">. The upright position of the character allows us to attribute the meaning of the card to the right side: clarity, success, fulfillment, esteem, and peace. The reverse side <\/span><span class=\"NormalTextRun SCXW59644338 BCX8\">represents<\/span><span class=\"NormalTextRun SCXW59644338 BCX8\"> doubt, excess, blockage, discord, and sadness.<\/span><\/span><\/li>\n<\/ul>\n\n<figure class=\"wp-block-gallery has-nested-images columns-default is-cropped wp-block-gallery-4 is-layout-flex wp-block-gallery-is-layout-flex\">\n<figure class=\"wp-block-image size-large\"><img loading=\"lazy\" decoding=\"async\" width=\"412\" height=\"277\" data-id=\"225790\" src=\"https:\/\/www.museumtv.art\/wp-content\/uploads\/2025\/05\/imperatrice-2.png\" alt=\"\" class=\"wp-image-225790\" srcset=\"https:\/\/www.museumtv.art\/wp-content\/uploads\/2025\/05\/imperatrice-2.png 412w, https:\/\/www.museumtv.art\/wp-content\/uploads\/2025\/05\/imperatrice-2-300x202.png 300w\" sizes=\"auto, (max-width: 412px) 100vw, 412px\" \/><\/figure>\n\n\n\n<figure class=\"wp-block-image size-large\"><img loading=\"lazy\" decoding=\"async\" width=\"387\" height=\"275\" data-id=\"225791\" src=\"https:\/\/www.museumtv.art\/wp-content\/uploads\/2025\/05\/imperatrice-1.png\" alt=\"\" class=\"wp-image-225791\" srcset=\"https:\/\/www.museumtv.art\/wp-content\/uploads\/2025\/05\/imperatrice-1.png 387w, https:\/\/www.museumtv.art\/wp-content\/uploads\/2025\/05\/imperatrice-1-300x213.png 300w\" sizes=\"auto, (max-width: 387px) 100vw, 387px\" \/><\/figure>\n<\/figure>\n\n<ul class=\"wp-block-list\">\n<li><span class=\"TextRun SCXW89203647 BCX8\" lang=\"EN-US\" xml:lang=\"EN-US\" data-contrast=\"auto\"><span class=\"NormalTextRun SCXW89203647 BCX8\">The Empress<\/span><\/span><span class=\"TextRun SCXW89203647 BCX8\" lang=\"EN-US\" xml:lang=\"EN-US\" data-contrast=\"auto\"><span class=\"NormalTextRun SCXW89203647 BCX8\">: This sphinx-shaped sculpture is habitable. In 1983, Niki de Saint Phalle moved in for seven years. While the interior is covered with a mosaic of Venetian mirrors, the Empress&#8217;s hair is decorated with electric blue mirrors. A belvedere terrace, once accessible from the outside, is <\/span><span class=\"NormalTextRun SCXW89203647 BCX8\">located<\/span><span class=\"NormalTextRun SCXW89203647 BCX8\"> below the statue&#8217;s hair. The meaning of the Tarot card: upright, the card <\/span><span class=\"NormalTextRun SCXW89203647 BCX8\">indicates<\/span><span class=\"NormalTextRun SCXW89203647 BCX8\"> intelligence, understanding, power, dynamism, and creativity. Reversed, it is synonymous with superficiality, lies, lack, vanity, and nervousness.<\/span><\/span><\/li>\n<\/ul>\n<div class=\"wp-block-image\">\n<figure class=\"aligncenter size-full\"><img loading=\"lazy\" decoding=\"async\" width=\"293\" height=\"385\" src=\"https:\/\/www.museumtv.art\/wp-content\/uploads\/2025\/05\/chapelle-temperance.png\" alt=\"\" class=\"wp-image-225792\" srcset=\"https:\/\/www.museumtv.art\/wp-content\/uploads\/2025\/05\/chapelle-temperance.png 293w, https:\/\/www.museumtv.art\/wp-content\/uploads\/2025\/05\/chapelle-temperance-228x300.png 228w\" sizes=\"auto, (max-width: 293px) 100vw, 293px\" \/><\/figure><\/div>\n<ul class=\"wp-block-list\">\n<li><span class=\"TextRun SCXW229597455 BCX8\" lang=\"EN-US\" xml:lang=\"EN-US\" data-contrast=\"auto\"><span class=\"NormalTextRun SCXW229597455 BCX8\">The chapel <\/span><\/span><span class=\"TextRun SCXW229597455 BCX8\" lang=\"EN-US\" xml:lang=\"EN-US\" data-contrast=\"auto\"><span class=\"NormalTextRun SCXW229597455 BCX8\">dominated by the figure of <\/span><\/span><span class=\"TextRun SCXW229597455 BCX8\" lang=\"EN-US\" xml:lang=\"EN-US\" data-contrast=\"auto\"><span class=\"NormalTextRun SCXW229597455 BCX8\">Temperance<\/span><\/span><span class=\"TextRun SCXW229597455 BCX8\" lang=\"EN-US\" xml:lang=\"EN-US\" data-contrast=\"auto\"><span class=\"NormalTextRun SCXW229597455 BCX8\">: This structure has an important meaning for the couple Niki de Saint Phalle and Jean Tinguely. In 1983, Jean underwent heart surgery. Niki dedicated this chapel to him following a promise she had made to herself <\/span><span class=\"NormalTextRun ContextualSpellingAndGrammarErrorV2Themed SCXW229597455 BCX8\">if<\/span><span class=\"NormalTextRun SCXW229597455 BCX8\"> he <\/span><span class=\"NormalTextRun ContextualSpellingAndGrammarErrorV2Themed SCXW229597455 BCX8\">survived<\/span><span class=\"NormalTextRun SCXW229597455 BCX8\">. <\/span><\/span><span class=\"TextRun SCXW229597455 BCX8\" lang=\"EN-US\" xml:lang=\"EN-US\" data-contrast=\"auto\"><span class=\"NormalTextRun SCXW229597455 BCX8\">Temperance<\/span><\/span><span class=\"TextRun SCXW229597455 BCX8\" lang=\"EN-US\" xml:lang=\"EN-US\" data-contrast=\"auto\"><span class=\"NormalTextRun SCXW229597455 BCX8\">, upright, denotes harmony, transmission, patience, comfort, and gentleness. If the card is reversed, it <\/span><span class=\"NormalTextRun SCXW229597455 BCX8\">indicates<\/span><span class=\"NormalTextRun SCXW229597455 BCX8\"> excess, lack of vision, impetuosity, instability, and imbalance.<\/span><\/span><\/li>\n<\/ul>\n\n<p>This monumental creation, with its colors and serpentine lines, is readily inspired by Antoni Gaud\u00ed. At the entrance to the Garden, Niki wrote a form of testament in Italian, expressing her love of Italian art and the importance of her encounter with Gaud\u00ed&#8217;s creations. She also spoke of her motivations, the difficulty of building such a masterpiece, and the inner journey it allowed her to undertake. She said: &#8220;My vision was strengthened by these experiences, and I, in turn, decided to create a garden that would inspire, in a troubled world, artistic feelings of serenity and love for nature.&#8221; <\/p>\n\n<p>One of her deepest desires was to open it to the public. Since the works are fragile and require precise and regular care, the site was not open year-round. She also adds that she doesn&#8217;t want there to be a guided tour, allowing the viewer to immerse themselves in the space. <\/p>\n\n<p><span class=\"TextRun SCXW243982172 BCX8\" lang=\"EN-US\" xml:lang=\"EN-US\" data-contrast=\"auto\"><span class=\"NormalTextRun SCXW243982172 BCX8\">Although Niki de Saint Phalle created other monumental sculptures, this idea of a garden is unique in its creation. Projects closest to the Tarot Garden have been created by other artists, such as Gaud\u00ed&#8217;s Park G\u00fcell or Pier Francesco <\/span><\/span><span class=\"TextRun SCXW243982172 BCX8\" lang=\"EN-US\" xml:lang=\"EN-US\" data-contrast=\"auto\"><span class=\"NormalTextRun SCXW243982172 BCX8\">Orsini&#8217;s Park of Monsters <\/span><\/span><span class=\"TextRun SCXW243982172 BCX8\" lang=\"EN-US\" xml:lang=\"EN-US\" data-contrast=\"auto\"><span class=\"NormalTextRun SCXW243982172 BCX8\">in <\/span><span class=\"NormalTextRun SpellingErrorV2Themed SpellingErrorHighlight SCXW243982172 BCX8\">Bomarzo<\/span><span class=\"NormalTextRun SCXW243982172 BCX8\">.<\/span><\/span><span class=\"EOP SCXW243982172 BCX8\" data-ccp-props=\"{&quot;335551550&quot;:1,&quot;335551620&quot;:1,&quot;335559731&quot;:0}\"> <\/span><\/p>\n\n<p>Niki de Saint Phalle died in 2002 in California from pulmonary emphysema. &#13;\n<\/p>\n\n<p>For more information, visit our <a href=\"https:\/\/my.museumtv.art\/\">video-on-demand platform<\/a>.<\/p>\n\n<figure class=\"wp-block-gallery has-nested-images columns-default is-cropped wp-block-gallery-5 is-layout-flex wp-block-gallery-is-layout-flex\">\n<figure class=\"wp-block-image size-large\"><img loading=\"lazy\" decoding=\"async\" width=\"458\" height=\"343\" data-id=\"225793\" src=\"https:\/\/www.museumtv.art\/wp-content\/uploads\/2025\/05\/gaudi3.png\" alt=\"\" class=\"wp-image-225793\" srcset=\"https:\/\/www.museumtv.art\/wp-content\/uploads\/2025\/05\/gaudi3.png 458w, https:\/\/www.museumtv.art\/wp-content\/uploads\/2025\/05\/gaudi3-300x225.png 300w\" sizes=\"auto, (max-width: 458px) 100vw, 458px\" \/><figcaption class=\"wp-element-caption\">Antoni Gaud\u00ed, <em>Park G\u00fcell<\/em>, 1900-1914, Barcelone <\/figcaption><\/figure>\n\n\n\n<figure class=\"wp-block-image size-large\"><img loading=\"lazy\" decoding=\"async\" width=\"452\" height=\"339\" data-id=\"225795\" src=\"https:\/\/www.museumtv.art\/wp-content\/uploads\/2025\/05\/gaudi-4.png\" alt=\"\" class=\"wp-image-225795\" srcset=\"https:\/\/www.museumtv.art\/wp-content\/uploads\/2025\/05\/gaudi-4.png 452w, https:\/\/www.museumtv.art\/wp-content\/uploads\/2025\/05\/gaudi-4-300x225.png 300w\" sizes=\"auto, (max-width: 452px) 100vw, 452px\" \/><figcaption class=\"wp-element-caption\">Antoni Gaud\u00ed, <em>Park G\u00fcell<\/em>, 1900-1914, Barcelone <\/figcaption><\/figure>\n\n\n\n<figure class=\"wp-block-image size-large\"><img loading=\"lazy\" decoding=\"async\" width=\"316\" height=\"370\" data-id=\"225794\" src=\"https:\/\/www.museumtv.art\/wp-content\/uploads\/2025\/05\/gaudi-2.png\" alt=\"\" class=\"wp-image-225794\" srcset=\"https:\/\/www.museumtv.art\/wp-content\/uploads\/2025\/05\/gaudi-2.png 316w, https:\/\/www.museumtv.art\/wp-content\/uploads\/2025\/05\/gaudi-2-256x300.png 256w\" sizes=\"auto, (max-width: 316px) 100vw, 316px\" \/><figcaption class=\"wp-element-caption\">Antoni Gaud\u00ed, <em>La Casa Battl\u00f3, <\/em>1904-1906 <\/figcaption><\/figure>\n\n\n\n<figure class=\"wp-block-image size-large\"><img loading=\"lazy\" decoding=\"async\" width=\"550\" height=\"364\" data-id=\"225796\" src=\"https:\/\/www.museumtv.art\/wp-content\/uploads\/2025\/05\/gaudi-1.png\" alt=\"\" class=\"wp-image-225796\" srcset=\"https:\/\/www.museumtv.art\/wp-content\/uploads\/2025\/05\/gaudi-1.png 550w, https:\/\/www.museumtv.art\/wp-content\/uploads\/2025\/05\/gaudi-1-300x199.png 300w\" sizes=\"auto, (max-width: 550px) 100vw, 550px\" \/><figcaption class=\"wp-element-caption\">Antoni Gaud\u00ed, <em>La Casa Battl\u00f3, <\/em>1904-1906 <\/figcaption><\/figure>\n<\/figure>\n<div class=\"wp-block-image\">\n<figure class=\"aligncenter size-full\"><img loading=\"lazy\" decoding=\"async\" width=\"510\" height=\"343\" src=\"https:\/\/www.museumtv.art\/wp-content\/uploads\/2025\/05\/parc-des-monstres.png\" alt=\"\" class=\"wp-image-225797\" srcset=\"https:\/\/www.museumtv.art\/wp-content\/uploads\/2025\/05\/parc-des-monstres.png 510w, https:\/\/www.museumtv.art\/wp-content\/uploads\/2025\/05\/parc-des-monstres-300x202.png 300w\" sizes=\"auto, (max-width: 510px) 100vw, 510px\" \/><figcaption class=\"wp-element-caption\">Pier Francesco Orsini, <em>Parco dei Mostri (Parc des Monstres), <\/em>XVIe si\u00e8cle, Italie, Bomarzo <\/figcaption><\/figure><\/div>","protected":false},"excerpt":{"rendered":"<p>Catherine Marie-Agn\u00e8s Fal de Saint Phalle was born on October 29, 1930. Her stage name, Niki de Saint Phalle, comes from a nickname given to her by her mother, who renamed her &#8220;Niki.&#8221; She then joined her parents in the United States, in Greenwich, where she was raised by a nanny named &#8220;Nana.&#8221; In 1994, [&hellip;]<\/p>\n","protected":false},"author":104,"featured_media":225775,"comment_status":"closed","ping_status":"open","sticky":false,"template":"","format":"standard","meta":{"footnotes":""},"categories":[1938],"tags":[2380],"group":[547],"support":[12],"class_list":["post-225803","post","type-post","status-publish","format-standard","has-post-thumbnail","hentry","category-uncategorized","tag-museumtv-en","group-portraits","support-artiste"],"yoast_head":"<!-- This site is optimized with the Yoast SEO plugin v24.0 - https:\/\/yoast.com\/wordpress\/plugins\/seo\/ -->\n<title>Niki de Saint Phalle 23 Years After Her Death - Museum TV<\/title>\n<meta name=\"description\" content=\"Niki de Saint Phalle, the most creative of the New Realists! Discover her portrait and her most emblematic works.\" \/>\n<meta name=\"robots\" content=\"index, follow, max-snippet:-1, max-image-preview:large, max-video-preview:-1\" \/>\n<link rel=\"canonical\" href=\"https:\/\/www.museumtv.art\/en\/artnews\/artistes\/niki-de-saint-phalle-23-years-after-her-death\/\" \/>\n<meta property=\"og:locale\" content=\"en_US\" \/>\n<meta property=\"og:type\" content=\"article\" \/>\n<meta property=\"og:title\" content=\"Niki de Saint Phalle 23 Years After Her Death - Museum TV\" \/>\n<meta property=\"og:description\" content=\"Niki de Saint Phalle, the most creative of the New Realists! Discover her portrait and her most emblematic works.\" \/>\n<meta property=\"og:url\" content=\"https:\/\/www.museumtv.art\/en\/artnews\/artistes\/niki-de-saint-phalle-23-years-after-her-death\/\" \/>\n<meta property=\"og:site_name\" content=\"Museum TV\" \/>\n<meta property=\"article:publisher\" content=\"https:\/\/www.facebook.com\/museumtv.art\/\" \/>\n<meta property=\"article:published_time\" content=\"2025-05-23T14:12:33+00:00\" \/>\n<meta property=\"article:modified_time\" content=\"2025-05-23T14:13:04+00:00\" \/>\n<meta property=\"og:image\" content=\"https:\/\/www.museumtv.art\/wp-content\/uploads\/2025\/05\/Niki-vogue-format-horizontal.png\" \/>\n\t<meta property=\"og:image:width\" content=\"404\" \/>\n\t<meta property=\"og:image:height\" content=\"250\" \/>\n\t<meta property=\"og:image:type\" content=\"image\/png\" \/>\n<meta name=\"author\" content=\"Berthille Lorillou\" \/>\n<meta name=\"twitter:card\" content=\"summary_large_image\" \/>\n<meta name=\"twitter:label1\" content=\"Written by\" \/>\n\t<meta name=\"twitter:data1\" content=\"Berthille Lorillou\" \/>\n\t<meta name=\"twitter:label2\" content=\"Est. reading time\" \/>\n\t<meta name=\"twitter:data2\" content=\"7 minutes\" \/>\n<script type=\"application\/ld+json\" class=\"yoast-schema-graph\">{\"@context\":\"https:\/\/schema.org\",\"@graph\":[{\"@type\":\"Article\",\"@id\":\"https:\/\/www.museumtv.art\/en\/artnews\/artistes\/niki-de-saint-phalle-23-years-after-her-death\/#article\",\"isPartOf\":{\"@id\":\"https:\/\/www.museumtv.art\/en\/artnews\/artistes\/niki-de-saint-phalle-23-years-after-her-death\/\"},\"author\":{\"name\":\"Berthille Lorillou\",\"@id\":\"https:\/\/www.museumtv.art\/#\/schema\/person\/bf6a7cf576a0534e1daa82d7ae4741a5\"},\"headline\":\"Niki de Saint Phalle 23 Years After Her Death\",\"datePublished\":\"2025-05-23T14:12:33+00:00\",\"dateModified\":\"2025-05-23T14:13:04+00:00\",\"mainEntityOfPage\":{\"@id\":\"https:\/\/www.museumtv.art\/en\/artnews\/artistes\/niki-de-saint-phalle-23-years-after-her-death\/\"},\"wordCount\":1370,\"publisher\":{\"@id\":\"https:\/\/www.museumtv.art\/#organization\"},\"image\":{\"@id\":\"https:\/\/www.museumtv.art\/en\/artnews\/artistes\/niki-de-saint-phalle-23-years-after-her-death\/#primaryimage\"},\"thumbnailUrl\":\"https:\/\/www.museumtv.art\/wp-content\/uploads\/2025\/05\/Niki-vogue-format-horizontal.png\",\"keywords\":[\"museumtv\"],\"inLanguage\":\"en-US\"},{\"@type\":\"WebPage\",\"@id\":\"https:\/\/www.museumtv.art\/en\/artnews\/artistes\/niki-de-saint-phalle-23-years-after-her-death\/\",\"url\":\"https:\/\/www.museumtv.art\/en\/artnews\/artistes\/niki-de-saint-phalle-23-years-after-her-death\/\",\"name\":\"Niki de Saint Phalle 23 Years After Her Death - Museum TV\",\"isPartOf\":{\"@id\":\"https:\/\/www.museumtv.art\/#website\"},\"primaryImageOfPage\":{\"@id\":\"https:\/\/www.museumtv.art\/en\/artnews\/artistes\/niki-de-saint-phalle-23-years-after-her-death\/#primaryimage\"},\"image\":{\"@id\":\"https:\/\/www.museumtv.art\/en\/artnews\/artistes\/niki-de-saint-phalle-23-years-after-her-death\/#primaryimage\"},\"thumbnailUrl\":\"https:\/\/www.museumtv.art\/wp-content\/uploads\/2025\/05\/Niki-vogue-format-horizontal.png\",\"datePublished\":\"2025-05-23T14:12:33+00:00\",\"dateModified\":\"2025-05-23T14:13:04+00:00\",\"description\":\"Niki de Saint Phalle, the most creative of the New Realists! Discover her portrait and her most emblematic works.\",\"breadcrumb\":{\"@id\":\"https:\/\/www.museumtv.art\/en\/artnews\/artistes\/niki-de-saint-phalle-23-years-after-her-death\/#breadcrumb\"},\"inLanguage\":\"en-US\",\"potentialAction\":[{\"@type\":\"ReadAction\",\"target\":[\"https:\/\/www.museumtv.art\/en\/artnews\/artistes\/niki-de-saint-phalle-23-years-after-her-death\/\"]}]},{\"@type\":\"ImageObject\",\"inLanguage\":\"en-US\",\"@id\":\"https:\/\/www.museumtv.art\/en\/artnews\/artistes\/niki-de-saint-phalle-23-years-after-her-death\/#primaryimage\",\"url\":\"https:\/\/www.museumtv.art\/wp-content\/uploads\/2025\/05\/Niki-vogue-format-horizontal.png\",\"contentUrl\":\"https:\/\/www.museumtv.art\/wp-content\/uploads\/2025\/05\/Niki-vogue-format-horizontal.png\",\"width\":404,\"height\":250},{\"@type\":\"BreadcrumbList\",\"@id\":\"https:\/\/www.museumtv.art\/en\/artnews\/artistes\/niki-de-saint-phalle-23-years-after-her-death\/#breadcrumb\",\"itemListElement\":[{\"@type\":\"ListItem\",\"position\":1,\"name\":\"Accueil\",\"item\":\"https:\/\/www.museumtv.art\/en\/\"},{\"@type\":\"ListItem\",\"position\":2,\"name\":\"Niki de Saint Phalle 23 Years After Her Death\"}]},{\"@type\":\"WebSite\",\"@id\":\"https:\/\/www.museumtv.art\/#website\",\"url\":\"https:\/\/www.museumtv.art\/\",\"name\":\"Museum TV\",\"description\":\"The first channel dedicated to art\",\"publisher\":{\"@id\":\"https:\/\/www.museumtv.art\/#organization\"},\"potentialAction\":[{\"@type\":\"SearchAction\",\"target\":{\"@type\":\"EntryPoint\",\"urlTemplate\":\"https:\/\/www.museumtv.art\/?s={search_term_string}\"},\"query-input\":{\"@type\":\"PropertyValueSpecification\",\"valueRequired\":true,\"valueName\":\"search_term_string\"}}],\"inLanguage\":\"en-US\"},{\"@type\":\"Organization\",\"@id\":\"https:\/\/www.museumtv.art\/#organization\",\"name\":\"Museum TV\",\"url\":\"https:\/\/www.museumtv.art\/\",\"logo\":{\"@type\":\"ImageObject\",\"inLanguage\":\"en-US\",\"@id\":\"https:\/\/www.museumtv.art\/#\/schema\/logo\/image\/\",\"url\":\"https:\/\/www.museumtv.art\/wp-content\/uploads\/2021\/10\/apple-touch-icon-1.png\",\"contentUrl\":\"https:\/\/www.museumtv.art\/wp-content\/uploads\/2021\/10\/apple-touch-icon-1.png\",\"width\":180,\"height\":180,\"caption\":\"Museum TV\"},\"image\":{\"@id\":\"https:\/\/www.museumtv.art\/#\/schema\/logo\/image\/\"},\"sameAs\":[\"https:\/\/www.facebook.com\/museumtv.art\/\",\"https:\/\/www.instagram.com\/museumtv_art\/?hl=fr\",\"https:\/\/www.linkedin.com\/company\/museumtv\"]},{\"@type\":\"Person\",\"@id\":\"https:\/\/www.museumtv.art\/#\/schema\/person\/bf6a7cf576a0534e1daa82d7ae4741a5\",\"name\":\"Berthille Lorillou\",\"image\":{\"@type\":\"ImageObject\",\"inLanguage\":\"en-US\",\"@id\":\"https:\/\/www.museumtv.art\/#\/schema\/person\/image\/\",\"url\":\"https:\/\/secure.gravatar.com\/avatar\/e49a1b908ff65cb6458bd57e6050a48f?s=96&d=mm&r=g\",\"contentUrl\":\"https:\/\/secure.gravatar.com\/avatar\/e49a1b908ff65cb6458bd57e6050a48f?s=96&d=mm&r=g\",\"caption\":\"Berthille Lorillou\"},\"url\":\"https:\/\/www.museumtv.art\/en\/author\/berthille-lorillou\/\"}]}<\/script>\n<!-- \/ Yoast SEO plugin. -->","yoast_head_json":{"title":"Niki de Saint Phalle 23 Years After Her Death - Museum TV","description":"Niki de Saint Phalle, the most creative of the New Realists! Discover her portrait and her most emblematic works.","robots":{"index":"index","follow":"follow","max-snippet":"max-snippet:-1","max-image-preview":"max-image-preview:large","max-video-preview":"max-video-preview:-1"},"canonical":"https:\/\/www.museumtv.art\/en\/artnews\/artistes\/niki-de-saint-phalle-23-years-after-her-death\/","og_locale":"en_US","og_type":"article","og_title":"Niki de Saint Phalle 23 Years After Her Death - Museum TV","og_description":"Niki de Saint Phalle, the most creative of the New Realists! Discover her portrait and her most emblematic works.","og_url":"https:\/\/www.museumtv.art\/en\/artnews\/artistes\/niki-de-saint-phalle-23-years-after-her-death\/","og_site_name":"Museum TV","article_publisher":"https:\/\/www.facebook.com\/museumtv.art\/","article_published_time":"2025-05-23T14:12:33+00:00","article_modified_time":"2025-05-23T14:13:04+00:00","og_image":[{"width":404,"height":250,"url":"https:\/\/www.museumtv.art\/wp-content\/uploads\/2025\/05\/Niki-vogue-format-horizontal.png","type":"image\/png"}],"author":"Berthille Lorillou","twitter_card":"summary_large_image","twitter_misc":{"Written by":"Berthille Lorillou","Est. reading time":"7 minutes"},"schema":{"@context":"https:\/\/schema.org","@graph":[{"@type":"Article","@id":"https:\/\/www.museumtv.art\/en\/artnews\/artistes\/niki-de-saint-phalle-23-years-after-her-death\/#article","isPartOf":{"@id":"https:\/\/www.museumtv.art\/en\/artnews\/artistes\/niki-de-saint-phalle-23-years-after-her-death\/"},"author":{"name":"Berthille Lorillou","@id":"https:\/\/www.museumtv.art\/#\/schema\/person\/bf6a7cf576a0534e1daa82d7ae4741a5"},"headline":"Niki de Saint Phalle 23 Years After Her Death","datePublished":"2025-05-23T14:12:33+00:00","dateModified":"2025-05-23T14:13:04+00:00","mainEntityOfPage":{"@id":"https:\/\/www.museumtv.art\/en\/artnews\/artistes\/niki-de-saint-phalle-23-years-after-her-death\/"},"wordCount":1370,"publisher":{"@id":"https:\/\/www.museumtv.art\/#organization"},"image":{"@id":"https:\/\/www.museumtv.art\/en\/artnews\/artistes\/niki-de-saint-phalle-23-years-after-her-death\/#primaryimage"},"thumbnailUrl":"https:\/\/www.museumtv.art\/wp-content\/uploads\/2025\/05\/Niki-vogue-format-horizontal.png","keywords":["museumtv"],"inLanguage":"en-US"},{"@type":"WebPage","@id":"https:\/\/www.museumtv.art\/en\/artnews\/artistes\/niki-de-saint-phalle-23-years-after-her-death\/","url":"https:\/\/www.museumtv.art\/en\/artnews\/artistes\/niki-de-saint-phalle-23-years-after-her-death\/","name":"Niki de Saint Phalle 23 Years After Her Death - Museum TV","isPartOf":{"@id":"https:\/\/www.museumtv.art\/#website"},"primaryImageOfPage":{"@id":"https:\/\/www.museumtv.art\/en\/artnews\/artistes\/niki-de-saint-phalle-23-years-after-her-death\/#primaryimage"},"image":{"@id":"https:\/\/www.museumtv.art\/en\/artnews\/artistes\/niki-de-saint-phalle-23-years-after-her-death\/#primaryimage"},"thumbnailUrl":"https:\/\/www.museumtv.art\/wp-content\/uploads\/2025\/05\/Niki-vogue-format-horizontal.png","datePublished":"2025-05-23T14:12:33+00:00","dateModified":"2025-05-23T14:13:04+00:00","description":"Niki de Saint Phalle, the most creative of the New Realists! Discover her portrait and her most emblematic works.","breadcrumb":{"@id":"https:\/\/www.museumtv.art\/en\/artnews\/artistes\/niki-de-saint-phalle-23-years-after-her-death\/#breadcrumb"},"inLanguage":"en-US","potentialAction":[{"@type":"ReadAction","target":["https:\/\/www.museumtv.art\/en\/artnews\/artistes\/niki-de-saint-phalle-23-years-after-her-death\/"]}]},{"@type":"ImageObject","inLanguage":"en-US","@id":"https:\/\/www.museumtv.art\/en\/artnews\/artistes\/niki-de-saint-phalle-23-years-after-her-death\/#primaryimage","url":"https:\/\/www.museumtv.art\/wp-content\/uploads\/2025\/05\/Niki-vogue-format-horizontal.png","contentUrl":"https:\/\/www.museumtv.art\/wp-content\/uploads\/2025\/05\/Niki-vogue-format-horizontal.png","width":404,"height":250},{"@type":"BreadcrumbList","@id":"https:\/\/www.museumtv.art\/en\/artnews\/artistes\/niki-de-saint-phalle-23-years-after-her-death\/#breadcrumb","itemListElement":[{"@type":"ListItem","position":1,"name":"Accueil","item":"https:\/\/www.museumtv.art\/en\/"},{"@type":"ListItem","position":2,"name":"Niki de Saint Phalle 23 Years After Her Death"}]},{"@type":"WebSite","@id":"https:\/\/www.museumtv.art\/#website","url":"https:\/\/www.museumtv.art\/","name":"Museum TV","description":"The first channel dedicated to art","publisher":{"@id":"https:\/\/www.museumtv.art\/#organization"},"potentialAction":[{"@type":"SearchAction","target":{"@type":"EntryPoint","urlTemplate":"https:\/\/www.museumtv.art\/?s={search_term_string}"},"query-input":{"@type":"PropertyValueSpecification","valueRequired":true,"valueName":"search_term_string"}}],"inLanguage":"en-US"},{"@type":"Organization","@id":"https:\/\/www.museumtv.art\/#organization","name":"Museum TV","url":"https:\/\/www.museumtv.art\/","logo":{"@type":"ImageObject","inLanguage":"en-US","@id":"https:\/\/www.museumtv.art\/#\/schema\/logo\/image\/","url":"https:\/\/www.museumtv.art\/wp-content\/uploads\/2021\/10\/apple-touch-icon-1.png","contentUrl":"https:\/\/www.museumtv.art\/wp-content\/uploads\/2021\/10\/apple-touch-icon-1.png","width":180,"height":180,"caption":"Museum TV"},"image":{"@id":"https:\/\/www.museumtv.art\/#\/schema\/logo\/image\/"},"sameAs":["https:\/\/www.facebook.com\/museumtv.art\/","https:\/\/www.instagram.com\/museumtv_art\/?hl=fr","https:\/\/www.linkedin.com\/company\/museumtv"]},{"@type":"Person","@id":"https:\/\/www.museumtv.art\/#\/schema\/person\/bf6a7cf576a0534e1daa82d7ae4741a5","name":"Berthille Lorillou","image":{"@type":"ImageObject","inLanguage":"en-US","@id":"https:\/\/www.museumtv.art\/#\/schema\/person\/image\/","url":"https:\/\/secure.gravatar.com\/avatar\/e49a1b908ff65cb6458bd57e6050a48f?s=96&d=mm&r=g","contentUrl":"https:\/\/secure.gravatar.com\/avatar\/e49a1b908ff65cb6458bd57e6050a48f?s=96&d=mm&r=g","caption":"Berthille Lorillou"},"url":"https:\/\/www.museumtv.art\/en\/author\/berthille-lorillou\/"}]}},"_links":{"self":[{"href":"https:\/\/www.museumtv.art\/en\/wp-json\/wp\/v2\/posts\/225803","targetHints":{"allow":["GET"]}}],"collection":[{"href":"https:\/\/www.museumtv.art\/en\/wp-json\/wp\/v2\/posts"}],"about":[{"href":"https:\/\/www.museumtv.art\/en\/wp-json\/wp\/v2\/types\/post"}],"author":[{"embeddable":true,"href":"https:\/\/www.museumtv.art\/en\/wp-json\/wp\/v2\/users\/104"}],"replies":[{"embeddable":true,"href":"https:\/\/www.museumtv.art\/en\/wp-json\/wp\/v2\/comments?post=225803"}],"version-history":[{"count":1,"href":"https:\/\/www.museumtv.art\/en\/wp-json\/wp\/v2\/posts\/225803\/revisions"}],"predecessor-version":[{"id":225804,"href":"https:\/\/www.museumtv.art\/en\/wp-json\/wp\/v2\/posts\/225803\/revisions\/225804"}],"wp:featuredmedia":[{"embeddable":true,"href":"https:\/\/www.museumtv.art\/en\/wp-json\/wp\/v2\/media\/225775"}],"wp:attachment":[{"href":"https:\/\/www.museumtv.art\/en\/wp-json\/wp\/v2\/media?parent=225803"}],"wp:term":[{"taxonomy":"category","embeddable":true,"href":"https:\/\/www.museumtv.art\/en\/wp-json\/wp\/v2\/categories?post=225803"},{"taxonomy":"post_tag","embeddable":true,"href":"https:\/\/www.museumtv.art\/en\/wp-json\/wp\/v2\/tags?post=225803"},{"taxonomy":"group","embeddable":true,"href":"https:\/\/www.museumtv.art\/en\/wp-json\/wp\/v2\/group?post=225803"},{"taxonomy":"support","embeddable":true,"href":"https:\/\/www.museumtv.art\/en\/wp-json\/wp\/v2\/support?post=225803"}],"curies":[{"name":"wp","href":"https:\/\/api.w.org\/{rel}","templated":true}]}}