{"id":225741,"date":"2025-05-22T10:07:24","date_gmt":"2025-05-22T10:07:24","guid":{"rendered":"https:\/\/www.museumtv.art\/artnews\/articles\/portrait-of-matali-crasset\/"},"modified":"2025-05-22T10:08:52","modified_gmt":"2025-05-22T10:08:52","slug":"portrait-of-matali-crasset","status":"publish","type":"post","link":"https:\/\/www.museumtv.art\/en\/artnews\/artistes\/portrait-of-matali-crasset\/","title":{"rendered":"Portrait of matali crasset"},"content":{"rendered":"\n<p><span class=\"TextRun SCXW118541555 BCX8\" lang=\"FR-FR\" xml:lang=\"FR-FR\" data-contrast=\"auto\"><span class=\"NormalTextRun SCXW118541555 BCX8\">Nathalie <\/span><span class=\"NormalTextRun SpellingErrorV2Themed SCXW118541555 BCX8\">Crasset<\/span> <span class=\"NormalTextRun SpellingErrorV2Themed SCXW118541555 BCX8\">was<\/span> <span class=\"NormalTextRun SpellingErrorV2Themed SCXW118541555 BCX8\">born<\/span><span class=\"NormalTextRun SCXW118541555 BCX8\"> on July 28, 1965, in Ch\u00e2lons-en-Champagne, Marne. An <\/span><span class=\"NormalTextRun SpellingErrorV2Themed SCXW118541555 BCX8\">internationally<\/span> <span class=\"NormalTextRun SpellingErrorV2Themed SCXW118541555 BCX8\">renowned<\/span><span class=\"NormalTextRun SCXW118541555 BCX8\"> French designer, <\/span><span class=\"NormalTextRun SpellingErrorV2Themed SCXW118541555 BCX8\">she<\/span> <span class=\"NormalTextRun SpellingErrorV2Themed SCXW118541555 BCX8\">began<\/span> <span class=\"NormalTextRun SpellingErrorV2Themed SCXW118541555 BCX8\">her<\/span><span class=\"NormalTextRun SCXW118541555 BCX8\"> training at the \u00c9cole Nationale Sup\u00e9rieure de Cr\u00e9ation Industrielle de Paris (ENSCI) in 1988. At the <\/span><span class=\"NormalTextRun SpellingErrorV2Themed SCXW118541555 BCX8\">same<\/span><span class=\"NormalTextRun SCXW118541555 BCX8\"> time, <\/span><span class=\"NormalTextRun SpellingErrorV2Themed SCXW118541555 BCX8\">she<\/span> <span class=\"NormalTextRun SpellingErrorV2Themed SCXW118541555 BCX8\">established<\/span> <span class=\"NormalTextRun SpellingErrorV2Themed SCXW118541555 BCX8\">her<\/span> <span class=\"NormalTextRun SpellingErrorV2Themed SCXW118541555 BCX8\">artistic<\/span> <span class=\"NormalTextRun SpellingErrorV2Themed SCXW118541555 BCX8\">identity<\/span><span class=\"NormalTextRun SCXW118541555 BCX8\"> by <\/span><span class=\"NormalTextRun SpellingErrorV2Themed SCXW118541555 BCX8\">becoming<\/span> <span class=\"NormalTextRun SpellingErrorV2Themed SCXW118541555 BCX8\">matali<\/span> c<span class=\"NormalTextRun SpellingErrorV2Themed SCXW118541555 BCX8\">rasset<\/span><span class=\"NormalTextRun SCXW118541555 BCX8\">, a <\/span><span class=\"NormalTextRun SpellingErrorV2Themed SCXW118541555 BCX8\">name<\/span> <span class=\"NormalTextRun SpellingErrorV2Themed SCXW118541555 BCX8\">without<\/span><span class=\"NormalTextRun SCXW118541555 BCX8\"> capital <\/span><span class=\"NormalTextRun SpellingErrorV2Themed SCXW118541555 BCX8\">letters<\/span><span class=\"NormalTextRun SCXW118541555 BCX8\">, <\/span><span class=\"NormalTextRun SpellingErrorV2Themed SCXW118541555 BCX8\">reflecting<\/span> <span class=\"NormalTextRun SpellingErrorV2Themed SCXW118541555 BCX8\">her<\/span> <span class=\"NormalTextRun SpellingErrorV2Themed SCXW118541555 BCX8\">atypicality<\/span><span class=\"NormalTextRun SCXW118541555 BCX8\">. <\/span><span class=\"NormalTextRun SpellingErrorV2Themed SCXW118541555 BCX8\">She<\/span> <span class=\"NormalTextRun SpellingErrorV2Themed SCXW118541555 BCX8\">then<\/span> <span class=\"NormalTextRun SpellingErrorV2Themed SCXW118541555 BCX8\">continued<\/span> <span class=\"NormalTextRun SpellingErrorV2Themed SCXW118541555 BCX8\">her<\/span> <span class=\"NormalTextRun SpellingErrorV2Themed SCXW118541555 BCX8\">studies<\/span><span class=\"NormalTextRun SCXW118541555 BCX8\"> at Denis <\/span><span class=\"NormalTextRun SpellingErrorV2Themed SCXW118541555 BCX8\">Santachiara&#8217;s<\/span><span class=\"NormalTextRun SCXW118541555 BCX8\"> studio in Milan <\/span><span class=\"NormalTextRun SpellingErrorV2Themed SCXW118541555 BCX8\">before<\/span> <span class=\"NormalTextRun SpellingErrorV2Themed SCXW118541555 BCX8\">joining<\/span><span class=\"NormalTextRun SCXW118541555 BCX8\"> Philippe <\/span><span class=\"NormalTextRun SpellingErrorV2Themed SCXW118541555 BCX8\">Starck&#8217;s<\/span><span class=\"NormalTextRun SCXW118541555 BCX8\"> studio in Paris for five <\/span><span class=\"NormalTextRun SpellingErrorV2Themed SCXW118541555 BCX8\">years<\/span><span class=\"NormalTextRun SCXW118541555 BCX8\">. Her <\/span><span class=\"NormalTextRun SpellingErrorV2Themed SCXW118541555 BCX8\">experience<\/span><span class=\"NormalTextRun SCXW118541555 BCX8\"> in Milan <\/span><span class=\"NormalTextRun SpellingErrorV2Themed SCXW118541555 BCX8\">developed<\/span> <span class=\"NormalTextRun SpellingErrorV2Themed SCXW118541555 BCX8\">her<\/span> <span class=\"NormalTextRun SpellingErrorV2Themed SCXW118541555 BCX8\">interest<\/span><span class=\"NormalTextRun SCXW118541555 BCX8\"> in <\/span><span class=\"NormalTextRun SpellingErrorV2Themed SCXW118541555 BCX8\">electronic<\/span><span class=\"NormalTextRun SCXW118541555 BCX8\"> design. At Philippe Stack, <\/span><span class=\"NormalTextRun SpellingErrorV2Themed SCXW118541555 BCX8\">she<\/span> <span class=\"NormalTextRun SpellingErrorV2Themed SCXW118541555 BCX8\">headed<\/span><span class=\"NormalTextRun SCXW118541555 BCX8\"> the Thomson Multimedia design structure, Tim Thom.<\/span><\/span><span class=\"EOP SCXW118541555 BCX8\" data-ccp-props=\"{}\">&nbsp;<\/span><\/p>\n\n\n\n<figure class=\"wp-block-image size-large\"><img loading=\"lazy\" decoding=\"async\" width=\"1024\" height=\"683\" src=\"https:\/\/www.museumtv.art\/wp-content\/uploads\/2025\/05\/6-1024x683.png\" alt=\"\" class=\"wp-image-225727\" srcset=\"https:\/\/www.museumtv.art\/wp-content\/uploads\/2025\/05\/6-1024x683.png 1024w, https:\/\/www.museumtv.art\/wp-content\/uploads\/2025\/05\/6-300x200.png 300w, https:\/\/www.museumtv.art\/wp-content\/uploads\/2025\/05\/6-768x512.png 768w, https:\/\/www.museumtv.art\/wp-content\/uploads\/2025\/05\/6-1536x1024.png 1536w, https:\/\/www.museumtv.art\/wp-content\/uploads\/2025\/05\/6.png 1872w\" sizes=\"auto, (max-width: 1024px) 100vw, 1024px\" \/><\/figure>\n\n\n\n<p><span class=\"TextRun SCXW231127283 BCX8\" lang=\"EN-US\" xml:lang=\"EN-US\" data-contrast=\"auto\"><span class=\"NormalTextRun SCXW231127283 BCX8\">In 1998, accompanied by her husband, Francis Fichot, she <\/span><span class=\"NormalTextRun SCXW231127283 BCX8\">established<\/span><span class=\"NormalTextRun SCXW231127283 BCX8\"> her own studio-house in Belleville and separated from Philippe Starck. matali c<\/span><span class=\"NormalTextRun SpellingErrorV2Themed SCXW231127283 BCX8\">rasset<\/span><span class=\"NormalTextRun SCXW231127283 BCX8\"> is known for her taste for color and playful design. One of her most famous works is &#8220;<\/span><em><span class=\"NormalTextRun SpellingErrorV2Themed SCXW231127283 BCX8\">Permis<\/span><span class=\"NormalTextRun SCXW231127283 BCX8\"> de <\/span><span class=\"NormalTextRun SpellingErrorV2Themed SCXW231127283 BCX8\">Construire<\/span><\/em><span class=\"NormalTextRun SCXW231127283 BCX8\">&#8221; (Building Permit) for <\/span><span class=\"NormalTextRun SpellingErrorV2Themed SCXW231127283 BCX8\">Domeau<\/span><span class=\"NormalTextRun SCXW231127283 BCX8\"> et P\u00e9r\u00e8s, an exceptional furniture company.<\/span><\/span><span class=\"EOP SCXW231127283 BCX8\" data-ccp-props=\"{}\">&nbsp;<\/span><\/p>\n\n\n\n<figure class=\"wp-block-image aligncenter size-full is-resized\"><img loading=\"lazy\" decoding=\"async\" width=\"597\" height=\"318\" src=\"https:\/\/www.museumtv.art\/wp-content\/uploads\/2025\/05\/permis-de-construire.png\" alt=\"rectangular blue and white sofa with very square corners by matali crasset\n\" class=\"wp-image-225728\" style=\"width:589px;height:auto\" srcset=\"https:\/\/www.museumtv.art\/wp-content\/uploads\/2025\/05\/permis-de-construire.png 597w, https:\/\/www.museumtv.art\/wp-content\/uploads\/2025\/05\/permis-de-construire-300x160.png 300w\" sizes=\"auto, (max-width: 597px) 100vw, 597px\" \/><figcaption class=\"wp-element-caption\"><span class=\"TextRun SCXW220161766 BCX8\" lang=\"EN-US\" xml:lang=\"EN-US\" data-contrast=\"auto\"><em><span class=\"NormalTextRun SCXW220161766 BCX8\">matali crasset, Building Permit Sofa, 2000, 72 x 180 x 70 cm, high-resilience foam padding, blue and white cotton upholstery, publisher: Domeau &amp; P\u00e9r\u00e8s<\/span> <\/em><\/span><\/figcaption><\/figure>\n\n\n\n<p><span class=\"TextRun SCXW258471471 BCX8\" lang=\"EN-US\" xml:lang=\"EN-US\" data-contrast=\"auto\"><span class=\"NormalTextRun SCXW258471471 BCX8\">This work illustrates the consideration of the anthropological value of objects. For <a href=\"https:\/\/www.matalicrasset.com\/fr\/presentation\">matali c<\/a><\/span><span class=\"NormalTextRun SpellingErrorV2Themed SCXW258471471 BCX8\">rasset<\/span><span class=\"NormalTextRun SCXW258471471 BCX8\">, design is at once human, social, and ecological. Here, the modular sofa allows children to turn it into a veritable playground. The artist invites adults to express their instincts, rather than social conventions. Something children do naturally. She says, &#8220;I want to give them choice, to instill fluidity and flexibility.&#8221;<\/span><\/span><span class=\"EOP SCXW258471471 BCX8\" data-ccp-props=\"{}\">&nbsp;<\/span><\/p>\n\n\n\n<p><span class=\"TextRun SCXW59708200 BCX8\" lang=\"EN-US\" xml:lang=\"EN-US\" data-contrast=\"auto\"><span class=\"NormalTextRun SCXW59708200 BCX8\">She identifies with the projects of Jean-Baptiste Godin, a 19th-century French industrialist, such as the <\/span><\/span><em><span class=\"TextRun SCXW59708200 BCX8\" lang=\"EN-US\" xml:lang=\"EN-US\" data-contrast=\"auto\"><span class=\"NormalTextRun SpellingErrorV2Themed SCXW59708200 BCX8\">Familist\u00e8re<\/span><\/span><\/em><span class=\"TextRun SCXW59708200 BCX8\" lang=\"EN-US\" xml:lang=\"EN-US\" data-contrast=\"auto\"><span class=\"NormalTextRun SCXW59708200 BCX8\">. The notion of community is familiar to matali c<\/span><span class=\"NormalTextRun SpellingErrorV2Themed SCXW59708200 BCX8\">rasset<\/span><span class=\"NormalTextRun SCXW59708200 BCX8\">. Her house-workshop in Belleville, a former printing house divided into apartments, is shared with ten other families.<\/span><span class=\"NormalTextRun SCXW59708200 BCX8\">&nbsp;<\/span><\/span><span class=\"EOP SCXW59708200 BCX8\" data-ccp-props=\"{}\">&nbsp;<\/span><\/p>\n\n\n\n<p>She sports a unique and androgynous look, which she readily explains. Her &#8220;bowl cut&#8221; is said to be ideal for &#8220;a better flow of ideas,&#8221; while her square glasses are said to demonstrate her intense curiosity. <\/p>\n\n\n\n<p>The French designer experiments with several types of creations: architecture, scenography, object design, furniture, and works for public spaces and developments. <\/p>\n\n\n\n<h2 class=\"wp-block-heading\"><span class=\"TextRun SCXW235102488 BCX8\" lang=\"EN-US\" xml:lang=\"EN-US\" data-contrast=\"auto\"><span class=\"NormalTextRun SCXW235102488 BCX8\">Artist&#8217;s Creations<\/span><\/span><span class=\"EOP SCXW235102488 BCX8\" data-ccp-props=\"{}\">&nbsp;<\/span><\/h2>\n\n\n\n<h3 class=\"wp-block-heading has-text-align-center\"><span class=\"TextRun SCXW200957020 BCX8\" lang=\"FR-FR\" xml:lang=\"FR-FR\" data-contrast=\"auto\"><span class=\"NormalTextRun SCXW200957020 BCX8\">Le <\/span><span class=\"NormalTextRun SpellingErrorV2Themed SCXW200957020 BCX8\">Blobterre<\/span><\/span><span class=\"TextRun SCXW200957020 BCX8\" lang=\"FR-FR\" xml:lang=\"FR-FR\" data-contrast=\"auto\"><span class=\"NormalTextRun SCXW200957020 BCX8\"> by m<\/span><span class=\"NormalTextRun SpellingErrorV2Themed SCXW200957020 BCX8\">atali<\/span><span class=\"NormalTextRun SCXW200957020 BCX8\">, 2012, Centre Pompidou, Paris<\/span><\/span><span class=\"EOP SCXW200957020 BCX8\" data-ccp-props=\"{}\">&nbsp;<\/span><\/h3>\n\n\n\n<figure class=\"wp-block-gallery has-nested-images columns-default is-cropped wp-block-gallery-1 is-layout-flex wp-block-gallery-is-layout-flex\">\n<figure class=\"wp-block-image size-large\"><img loading=\"lazy\" decoding=\"async\" width=\"529\" height=\"347\" data-id=\"225729\" src=\"https:\/\/www.museumtv.art\/wp-content\/uploads\/2025\/05\/blobterre-2.png\" alt=\"\" class=\"wp-image-225729\" srcset=\"https:\/\/www.museumtv.art\/wp-content\/uploads\/2025\/05\/blobterre-2.png 529w, https:\/\/www.museumtv.art\/wp-content\/uploads\/2025\/05\/blobterre-2-300x197.png 300w\" sizes=\"auto, (max-width: 529px) 100vw, 529px\" \/><\/figure>\n\n\n\n<figure class=\"wp-block-image size-large\"><img loading=\"lazy\" decoding=\"async\" width=\"325\" height=\"275\" data-id=\"225730\" src=\"https:\/\/www.museumtv.art\/wp-content\/uploads\/2025\/05\/blobterre-1.png\" alt=\"\" class=\"wp-image-225730\" srcset=\"https:\/\/www.museumtv.art\/wp-content\/uploads\/2025\/05\/blobterre-1.png 325w, https:\/\/www.museumtv.art\/wp-content\/uploads\/2025\/05\/blobterre-1-300x254.png 300w\" sizes=\"auto, (max-width: 325px) 100vw, 325px\" \/><\/figure>\n<\/figure>\n\n\n\n<p>A hybrid space of an artificial garden. Blobterre includes its own sounds and smells. To create this imaginary environment and bring it to life, the artist called upon his partners. The upholsterers Domeau &amp; P\u00e9r\u00e8s, and Campeggi in Nodus, who made a knotted rug in Nepal. The flooring is furnished by Tarkett, Blach\u00e8re for the metal structures, and Firmenich for the scent, for example. <\/p>\n\n\n\n<h3 class=\"wp-block-heading has-text-align-center\"><span class=\"TextRun SCXW162068685 BCX8\" lang=\"FR-FR\" xml:lang=\"FR-FR\" data-contrast=\"auto\"><span class=\"NormalTextRun SCXW162068685 BCX8\">PS <\/span><span class=\"NormalTextRun SpellingErrorV2Themed SCXW162068685 BCX8\">Wardrobe<\/span><\/span><span class=\"TextRun SCXW162068685 BCX8\" lang=\"FR-FR\" xml:lang=\"FR-FR\" data-contrast=\"auto\"><span class=\"NormalTextRun SCXW162068685 BCX8\">, 2014, IKEA, Ikea PS capsule collection<\/span><\/span><span class=\"EOP SCXW162068685 BCX8\" data-ccp-props=\"{}\">&nbsp;<\/span><\/h3>\n\n\n\n<figure class=\"wp-block-gallery has-nested-images columns-default is-cropped wp-block-gallery-2 is-layout-flex wp-block-gallery-is-layout-flex\">\n<figure class=\"wp-block-image size-large\"><img loading=\"lazy\" decoding=\"async\" width=\"595\" height=\"316\" data-id=\"225732\" src=\"https:\/\/www.museumtv.art\/wp-content\/uploads\/2025\/05\/ps-wardrobe-1.png\" alt=\"\" class=\"wp-image-225732\" srcset=\"https:\/\/www.museumtv.art\/wp-content\/uploads\/2025\/05\/ps-wardrobe-1.png 595w, https:\/\/www.museumtv.art\/wp-content\/uploads\/2025\/05\/ps-wardrobe-1-300x159.png 300w\" sizes=\"auto, (max-width: 595px) 100vw, 595px\" \/><\/figure>\n<\/figure>\n\n\n\n<p>To launch its Ikea PS 2014 capsule collection, the Swedish company commissioned several designers, including matali crasset, Tomas Alonso, David Wahl, and Margrethe Odgaard. <\/p>\n\n\n\n<div class=\"wp-block-media-text is-stacked-on-mobile\" style=\"grid-template-columns:29% auto\"><figure class=\"wp-block-media-text__media\"><img loading=\"lazy\" decoding=\"async\" width=\"237\" height=\"285\" src=\"https:\/\/www.museumtv.art\/wp-content\/uploads\/2025\/05\/ps-wardrobe-2-1.png\" alt=\"\" class=\"wp-image-225733 size-full\"\/><\/figure><div class=\"wp-block-media-text__content\">\n<p>matali crasset&#8217;s wire wardrobe was designed to showcase the owner&#8217;s personality in two ways: the openwork wardrobe reveals its contents, and it can be personalized or not. <\/p>\n\n\n\n<p>The object consists of a 40 cm top with handles made of stainless steel and rubber. It also includes a wardrobe with a rod, an adjustable shelf, and a fixed shelf. The latter are made of epoxy-coated steel. <\/p>\n<\/div><\/div>\n\n\n\n<h3 class=\"wp-block-heading has-text-align-center\"><span class=\"TextRun SCXW221568125 BCX8\" lang=\"FR-FR\" xml:lang=\"FR-FR\" data-contrast=\"auto\"><span class=\"NormalTextRun SCXW221568125 BCX8\">Pierre Lapointe, <\/span><\/span><span class=\"TextRun SCXW221568125 BCX8\" lang=\"FR-FR\" xml:lang=\"FR-FR\" data-contrast=\"auto\"><span class=\"NormalTextRun SCXW221568125 BCX8\">Amours, <\/span><span class=\"NormalTextRun SpellingErrorV2Themed SCXW221568125 BCX8\">D\u00e9ices<\/span><span class=\"NormalTextRun SCXW221568125 BCX8\"> &amp; Orgues<\/span><\/span><span class=\"TextRun SCXW221568125 BCX8\" lang=\"FR-FR\" xml:lang=\"FR-FR\" data-contrast=\"auto\"><span class=\"NormalTextRun SCXW221568125 BCX8\">, 2017<\/span><\/span><span class=\"EOP SCXW221568125 BCX8\" data-ccp-props=\"{}\">&nbsp;<\/span><\/h3>\n\n\n<div class=\"wp-block-image\">\n<figure class=\"aligncenter size-full\"><img loading=\"lazy\" decoding=\"async\" width=\"416\" height=\"547\" src=\"https:\/\/www.museumtv.art\/wp-content\/uploads\/2025\/05\/pierre-lapointe.png\" alt=\"\" class=\"wp-image-225734\" srcset=\"https:\/\/www.museumtv.art\/wp-content\/uploads\/2025\/05\/pierre-lapointe.png 416w, https:\/\/www.museumtv.art\/wp-content\/uploads\/2025\/05\/pierre-lapointe-228x300.png 228w\" sizes=\"auto, (max-width: 416px) 100vw, 416px\" \/><\/figure><\/div>\n\n\n<p>With students from UQAM Montr\u00e9al, Matali Crasset created the scenography for a show at the Maison symphonique during the FrancoFolies de Montr\u00e9al in June 2017. <\/p>\n\n\n\n<p>matali crasset and her unique universe have fascinated audiences for nearly 30 years. Focused on the human element, the artist has taught at the Head in Geneva since 2010 and given lectures around the world. <\/p>\n\n\n\n<p><span class=\"TextRun SCXW231485238 BCX8\" lang=\"EN-US\" xml:lang=\"EN-US\" data-contrast=\"auto\"><span class=\"NormalTextRun SCXW231485238 BCX8\">For more information, watch the <a href=\"https:\/\/my.museumtv.art\/\">Museum TV<\/a> documentary &#8220;<a href=\"https:\/\/my.museumtv.art\/content\/influences-une-histoire-de-l-art-au-present-matali-crasset-le-design-ludique-et-politique\">Influences, a History of Art in the Present &#8211; Matali <\/a><\/span><span class=\"NormalTextRun SpellingErrorV2Themed SCXW231485238 BCX8\">Crasset<\/span><span class=\"NormalTextRun SCXW231485238 BCX8\">, Playful and Political Design.&#8221;<\/span><\/span><span class=\"EOP SCXW231485238 BCX8\" data-ccp-props=\"{}\">&nbsp;<\/span><\/p>\n","protected":false},"excerpt":{"rendered":"<p>Nathalie Crasset was born on July 28, 1965, in Ch\u00e2lons-en-Champagne, Marne. An internationally renowned French designer, she began her training at the \u00c9cole Nationale Sup\u00e9rieure de Cr\u00e9ation Industrielle de Paris (ENSCI) in 1988. At the same time, she established her artistic identity by becoming matali crasset, a name without capital letters, reflecting her atypicality. She [&hellip;]<\/p>\n","protected":false},"author":104,"featured_media":225726,"comment_status":"closed","ping_status":"open","sticky":false,"template":"","format":"standard","meta":{"footnotes":""},"categories":[1938],"tags":[],"group":[2485],"support":[12],"class_list":["post-225741","post","type-post","status-publish","format-standard","has-post-thumbnail","hentry","category-uncategorized","group-architecture-and-design","support-artiste"],"yoast_head":"<!-- This site is optimized with the Yoast SEO plugin v24.0 - https:\/\/yoast.com\/wordpress\/plugins\/seo\/ -->\n<title>Portrait of matali crasset - Museum TV<\/title>\n<meta name=\"description\" content=\"matali crasset, playful and political design. Portrait of a French designer with international resonance.\" \/>\n<meta name=\"robots\" content=\"index, follow, max-snippet:-1, max-image-preview:large, max-video-preview:-1\" \/>\n<link rel=\"canonical\" href=\"https:\/\/www.museumtv.art\/en\/artnews\/artistes\/portrait-of-matali-crasset\/\" \/>\n<meta property=\"og:locale\" content=\"en_US\" \/>\n<meta property=\"og:type\" content=\"article\" \/>\n<meta property=\"og:title\" content=\"Portrait of matali crasset - Museum TV\" \/>\n<meta property=\"og:description\" content=\"matali crasset, playful and political design. Portrait of a French designer with international resonance.\" \/>\n<meta property=\"og:url\" content=\"https:\/\/www.museumtv.art\/en\/artnews\/artistes\/portrait-of-matali-crasset\/\" \/>\n<meta property=\"og:site_name\" content=\"Museum TV\" \/>\n<meta property=\"article:publisher\" content=\"https:\/\/www.facebook.com\/museumtv.art\/\" \/>\n<meta property=\"article:published_time\" content=\"2025-05-22T10:07:24+00:00\" \/>\n<meta property=\"article:modified_time\" content=\"2025-05-22T10:08:52+00:00\" \/>\n<meta property=\"og:image\" content=\"https:\/\/www.museumtv.art\/wp-content\/uploads\/2025\/05\/1-1024x576.png\" \/>\n\t<meta property=\"og:image:width\" content=\"1024\" \/>\n\t<meta property=\"og:image:height\" content=\"576\" \/>\n\t<meta property=\"og:image:type\" content=\"image\/png\" \/>\n<meta name=\"author\" content=\"Berthille Lorillou\" \/>\n<meta name=\"twitter:card\" content=\"summary_large_image\" \/>\n<meta name=\"twitter:label1\" content=\"Written by\" \/>\n\t<meta name=\"twitter:data1\" content=\"Berthille Lorillou\" \/>\n\t<meta name=\"twitter:label2\" content=\"Est. reading time\" \/>\n\t<meta name=\"twitter:data2\" content=\"3 minutes\" \/>\n<script type=\"application\/ld+json\" class=\"yoast-schema-graph\">{\"@context\":\"https:\/\/schema.org\",\"@graph\":[{\"@type\":\"Article\",\"@id\":\"https:\/\/www.museumtv.art\/en\/artnews\/artistes\/portrait-of-matali-crasset\/#article\",\"isPartOf\":{\"@id\":\"https:\/\/www.museumtv.art\/en\/artnews\/artistes\/portrait-of-matali-crasset\/\"},\"author\":{\"name\":\"Berthille Lorillou\",\"@id\":\"https:\/\/www.museumtv.art\/#\/schema\/person\/bf6a7cf576a0534e1daa82d7ae4741a5\"},\"headline\":\"Portrait of matali crasset\",\"datePublished\":\"2025-05-22T10:07:24+00:00\",\"dateModified\":\"2025-05-22T10:08:52+00:00\",\"mainEntityOfPage\":{\"@id\":\"https:\/\/www.museumtv.art\/en\/artnews\/artistes\/portrait-of-matali-crasset\/\"},\"wordCount\":613,\"publisher\":{\"@id\":\"https:\/\/www.museumtv.art\/#organization\"},\"image\":{\"@id\":\"https:\/\/www.museumtv.art\/en\/artnews\/artistes\/portrait-of-matali-crasset\/#primaryimage\"},\"thumbnailUrl\":\"https:\/\/www.museumtv.art\/wp-content\/uploads\/2025\/05\/1.png\",\"inLanguage\":\"en-US\"},{\"@type\":\"WebPage\",\"@id\":\"https:\/\/www.museumtv.art\/en\/artnews\/artistes\/portrait-of-matali-crasset\/\",\"url\":\"https:\/\/www.museumtv.art\/en\/artnews\/artistes\/portrait-of-matali-crasset\/\",\"name\":\"Portrait of matali crasset - Museum TV\",\"isPartOf\":{\"@id\":\"https:\/\/www.museumtv.art\/#website\"},\"primaryImageOfPage\":{\"@id\":\"https:\/\/www.museumtv.art\/en\/artnews\/artistes\/portrait-of-matali-crasset\/#primaryimage\"},\"image\":{\"@id\":\"https:\/\/www.museumtv.art\/en\/artnews\/artistes\/portrait-of-matali-crasset\/#primaryimage\"},\"thumbnailUrl\":\"https:\/\/www.museumtv.art\/wp-content\/uploads\/2025\/05\/1.png\",\"datePublished\":\"2025-05-22T10:07:24+00:00\",\"dateModified\":\"2025-05-22T10:08:52+00:00\",\"description\":\"matali crasset, playful and political design. Portrait of a French designer with international resonance.\",\"breadcrumb\":{\"@id\":\"https:\/\/www.museumtv.art\/en\/artnews\/artistes\/portrait-of-matali-crasset\/#breadcrumb\"},\"inLanguage\":\"en-US\",\"potentialAction\":[{\"@type\":\"ReadAction\",\"target\":[\"https:\/\/www.museumtv.art\/en\/artnews\/artistes\/portrait-of-matali-crasset\/\"]}]},{\"@type\":\"ImageObject\",\"inLanguage\":\"en-US\",\"@id\":\"https:\/\/www.museumtv.art\/en\/artnews\/artistes\/portrait-of-matali-crasset\/#primaryimage\",\"url\":\"https:\/\/www.museumtv.art\/wp-content\/uploads\/2025\/05\/1.png\",\"contentUrl\":\"https:\/\/www.museumtv.art\/wp-content\/uploads\/2025\/05\/1.png\",\"width\":1920,\"height\":1080},{\"@type\":\"BreadcrumbList\",\"@id\":\"https:\/\/www.museumtv.art\/en\/artnews\/artistes\/portrait-of-matali-crasset\/#breadcrumb\",\"itemListElement\":[{\"@type\":\"ListItem\",\"position\":1,\"name\":\"Accueil\",\"item\":\"https:\/\/www.museumtv.art\/en\/\"},{\"@type\":\"ListItem\",\"position\":2,\"name\":\"Portrait of matali crasset\"}]},{\"@type\":\"WebSite\",\"@id\":\"https:\/\/www.museumtv.art\/#website\",\"url\":\"https:\/\/www.museumtv.art\/\",\"name\":\"Museum TV\",\"description\":\"The first channel dedicated to art\",\"publisher\":{\"@id\":\"https:\/\/www.museumtv.art\/#organization\"},\"potentialAction\":[{\"@type\":\"SearchAction\",\"target\":{\"@type\":\"EntryPoint\",\"urlTemplate\":\"https:\/\/www.museumtv.art\/?s={search_term_string}\"},\"query-input\":{\"@type\":\"PropertyValueSpecification\",\"valueRequired\":true,\"valueName\":\"search_term_string\"}}],\"inLanguage\":\"en-US\"},{\"@type\":\"Organization\",\"@id\":\"https:\/\/www.museumtv.art\/#organization\",\"name\":\"Museum TV\",\"url\":\"https:\/\/www.museumtv.art\/\",\"logo\":{\"@type\":\"ImageObject\",\"inLanguage\":\"en-US\",\"@id\":\"https:\/\/www.museumtv.art\/#\/schema\/logo\/image\/\",\"url\":\"https:\/\/www.museumtv.art\/wp-content\/uploads\/2021\/10\/apple-touch-icon-1.png\",\"contentUrl\":\"https:\/\/www.museumtv.art\/wp-content\/uploads\/2021\/10\/apple-touch-icon-1.png\",\"width\":180,\"height\":180,\"caption\":\"Museum TV\"},\"image\":{\"@id\":\"https:\/\/www.museumtv.art\/#\/schema\/logo\/image\/\"},\"sameAs\":[\"https:\/\/www.facebook.com\/museumtv.art\/\",\"https:\/\/www.instagram.com\/museumtv_art\/?hl=fr\",\"https:\/\/www.linkedin.com\/company\/museumtv\"]},{\"@type\":\"Person\",\"@id\":\"https:\/\/www.museumtv.art\/#\/schema\/person\/bf6a7cf576a0534e1daa82d7ae4741a5\",\"name\":\"Berthille Lorillou\",\"image\":{\"@type\":\"ImageObject\",\"inLanguage\":\"en-US\",\"@id\":\"https:\/\/www.museumtv.art\/#\/schema\/person\/image\/\",\"url\":\"https:\/\/secure.gravatar.com\/avatar\/e49a1b908ff65cb6458bd57e6050a48f?s=96&d=mm&r=g\",\"contentUrl\":\"https:\/\/secure.gravatar.com\/avatar\/e49a1b908ff65cb6458bd57e6050a48f?s=96&d=mm&r=g\",\"caption\":\"Berthille Lorillou\"},\"url\":\"https:\/\/www.museumtv.art\/en\/author\/berthille-lorillou\/\"}]}<\/script>\n<!-- \/ Yoast SEO plugin. -->","yoast_head_json":{"title":"Portrait of matali crasset - Museum TV","description":"matali crasset, playful and political design. Portrait of a French designer with international resonance.","robots":{"index":"index","follow":"follow","max-snippet":"max-snippet:-1","max-image-preview":"max-image-preview:large","max-video-preview":"max-video-preview:-1"},"canonical":"https:\/\/www.museumtv.art\/en\/artnews\/artistes\/portrait-of-matali-crasset\/","og_locale":"en_US","og_type":"article","og_title":"Portrait of matali crasset - Museum TV","og_description":"matali crasset, playful and political design. Portrait of a French designer with international resonance.","og_url":"https:\/\/www.museumtv.art\/en\/artnews\/artistes\/portrait-of-matali-crasset\/","og_site_name":"Museum TV","article_publisher":"https:\/\/www.facebook.com\/museumtv.art\/","article_published_time":"2025-05-22T10:07:24+00:00","article_modified_time":"2025-05-22T10:08:52+00:00","og_image":[{"width":1024,"height":576,"url":"https:\/\/www.museumtv.art\/wp-content\/uploads\/2025\/05\/1-1024x576.png","type":"image\/png"}],"author":"Berthille Lorillou","twitter_card":"summary_large_image","twitter_misc":{"Written by":"Berthille Lorillou","Est. reading time":"3 minutes"},"schema":{"@context":"https:\/\/schema.org","@graph":[{"@type":"Article","@id":"https:\/\/www.museumtv.art\/en\/artnews\/artistes\/portrait-of-matali-crasset\/#article","isPartOf":{"@id":"https:\/\/www.museumtv.art\/en\/artnews\/artistes\/portrait-of-matali-crasset\/"},"author":{"name":"Berthille Lorillou","@id":"https:\/\/www.museumtv.art\/#\/schema\/person\/bf6a7cf576a0534e1daa82d7ae4741a5"},"headline":"Portrait of matali crasset","datePublished":"2025-05-22T10:07:24+00:00","dateModified":"2025-05-22T10:08:52+00:00","mainEntityOfPage":{"@id":"https:\/\/www.museumtv.art\/en\/artnews\/artistes\/portrait-of-matali-crasset\/"},"wordCount":613,"publisher":{"@id":"https:\/\/www.museumtv.art\/#organization"},"image":{"@id":"https:\/\/www.museumtv.art\/en\/artnews\/artistes\/portrait-of-matali-crasset\/#primaryimage"},"thumbnailUrl":"https:\/\/www.museumtv.art\/wp-content\/uploads\/2025\/05\/1.png","inLanguage":"en-US"},{"@type":"WebPage","@id":"https:\/\/www.museumtv.art\/en\/artnews\/artistes\/portrait-of-matali-crasset\/","url":"https:\/\/www.museumtv.art\/en\/artnews\/artistes\/portrait-of-matali-crasset\/","name":"Portrait of matali crasset - Museum TV","isPartOf":{"@id":"https:\/\/www.museumtv.art\/#website"},"primaryImageOfPage":{"@id":"https:\/\/www.museumtv.art\/en\/artnews\/artistes\/portrait-of-matali-crasset\/#primaryimage"},"image":{"@id":"https:\/\/www.museumtv.art\/en\/artnews\/artistes\/portrait-of-matali-crasset\/#primaryimage"},"thumbnailUrl":"https:\/\/www.museumtv.art\/wp-content\/uploads\/2025\/05\/1.png","datePublished":"2025-05-22T10:07:24+00:00","dateModified":"2025-05-22T10:08:52+00:00","description":"matali crasset, playful and political design. Portrait of a French designer with international resonance.","breadcrumb":{"@id":"https:\/\/www.museumtv.art\/en\/artnews\/artistes\/portrait-of-matali-crasset\/#breadcrumb"},"inLanguage":"en-US","potentialAction":[{"@type":"ReadAction","target":["https:\/\/www.museumtv.art\/en\/artnews\/artistes\/portrait-of-matali-crasset\/"]}]},{"@type":"ImageObject","inLanguage":"en-US","@id":"https:\/\/www.museumtv.art\/en\/artnews\/artistes\/portrait-of-matali-crasset\/#primaryimage","url":"https:\/\/www.museumtv.art\/wp-content\/uploads\/2025\/05\/1.png","contentUrl":"https:\/\/www.museumtv.art\/wp-content\/uploads\/2025\/05\/1.png","width":1920,"height":1080},{"@type":"BreadcrumbList","@id":"https:\/\/www.museumtv.art\/en\/artnews\/artistes\/portrait-of-matali-crasset\/#breadcrumb","itemListElement":[{"@type":"ListItem","position":1,"name":"Accueil","item":"https:\/\/www.museumtv.art\/en\/"},{"@type":"ListItem","position":2,"name":"Portrait of matali crasset"}]},{"@type":"WebSite","@id":"https:\/\/www.museumtv.art\/#website","url":"https:\/\/www.museumtv.art\/","name":"Museum TV","description":"The first channel dedicated to art","publisher":{"@id":"https:\/\/www.museumtv.art\/#organization"},"potentialAction":[{"@type":"SearchAction","target":{"@type":"EntryPoint","urlTemplate":"https:\/\/www.museumtv.art\/?s={search_term_string}"},"query-input":{"@type":"PropertyValueSpecification","valueRequired":true,"valueName":"search_term_string"}}],"inLanguage":"en-US"},{"@type":"Organization","@id":"https:\/\/www.museumtv.art\/#organization","name":"Museum TV","url":"https:\/\/www.museumtv.art\/","logo":{"@type":"ImageObject","inLanguage":"en-US","@id":"https:\/\/www.museumtv.art\/#\/schema\/logo\/image\/","url":"https:\/\/www.museumtv.art\/wp-content\/uploads\/2021\/10\/apple-touch-icon-1.png","contentUrl":"https:\/\/www.museumtv.art\/wp-content\/uploads\/2021\/10\/apple-touch-icon-1.png","width":180,"height":180,"caption":"Museum TV"},"image":{"@id":"https:\/\/www.museumtv.art\/#\/schema\/logo\/image\/"},"sameAs":["https:\/\/www.facebook.com\/museumtv.art\/","https:\/\/www.instagram.com\/museumtv_art\/?hl=fr","https:\/\/www.linkedin.com\/company\/museumtv"]},{"@type":"Person","@id":"https:\/\/www.museumtv.art\/#\/schema\/person\/bf6a7cf576a0534e1daa82d7ae4741a5","name":"Berthille Lorillou","image":{"@type":"ImageObject","inLanguage":"en-US","@id":"https:\/\/www.museumtv.art\/#\/schema\/person\/image\/","url":"https:\/\/secure.gravatar.com\/avatar\/e49a1b908ff65cb6458bd57e6050a48f?s=96&d=mm&r=g","contentUrl":"https:\/\/secure.gravatar.com\/avatar\/e49a1b908ff65cb6458bd57e6050a48f?s=96&d=mm&r=g","caption":"Berthille Lorillou"},"url":"https:\/\/www.museumtv.art\/en\/author\/berthille-lorillou\/"}]}},"_links":{"self":[{"href":"https:\/\/www.museumtv.art\/en\/wp-json\/wp\/v2\/posts\/225741","targetHints":{"allow":["GET"]}}],"collection":[{"href":"https:\/\/www.museumtv.art\/en\/wp-json\/wp\/v2\/posts"}],"about":[{"href":"https:\/\/www.museumtv.art\/en\/wp-json\/wp\/v2\/types\/post"}],"author":[{"embeddable":true,"href":"https:\/\/www.museumtv.art\/en\/wp-json\/wp\/v2\/users\/104"}],"replies":[{"embeddable":true,"href":"https:\/\/www.museumtv.art\/en\/wp-json\/wp\/v2\/comments?post=225741"}],"version-history":[{"count":4,"href":"https:\/\/www.museumtv.art\/en\/wp-json\/wp\/v2\/posts\/225741\/revisions"}],"predecessor-version":[{"id":225746,"href":"https:\/\/www.museumtv.art\/en\/wp-json\/wp\/v2\/posts\/225741\/revisions\/225746"}],"wp:featuredmedia":[{"embeddable":true,"href":"https:\/\/www.museumtv.art\/en\/wp-json\/wp\/v2\/media\/225726"}],"wp:attachment":[{"href":"https:\/\/www.museumtv.art\/en\/wp-json\/wp\/v2\/media?parent=225741"}],"wp:term":[{"taxonomy":"category","embeddable":true,"href":"https:\/\/www.museumtv.art\/en\/wp-json\/wp\/v2\/categories?post=225741"},{"taxonomy":"post_tag","embeddable":true,"href":"https:\/\/www.museumtv.art\/en\/wp-json\/wp\/v2\/tags?post=225741"},{"taxonomy":"group","embeddable":true,"href":"https:\/\/www.museumtv.art\/en\/wp-json\/wp\/v2\/group?post=225741"},{"taxonomy":"support","embeddable":true,"href":"https:\/\/www.museumtv.art\/en\/wp-json\/wp\/v2\/support?post=225741"}],"curies":[{"name":"wp","href":"https:\/\/api.w.org\/{rel}","templated":true}]}}