{"id":225704,"date":"2025-05-20T13:21:26","date_gmt":"2025-05-20T13:21:26","guid":{"rendered":"https:\/\/www.museumtv.art\/artnews\/articles\/tribute-to-botticelli-515th-anniversary-of-his-death\/"},"modified":"2025-05-20T13:23:59","modified_gmt":"2025-05-20T13:23:59","slug":"tribute-to-botticelli-515th-anniversary-of-his-death","status":"publish","type":"post","link":"https:\/\/www.museumtv.art\/en\/artnews\/artistes\/tribute-to-botticelli-515th-anniversary-of-his-death\/","title":{"rendered":"Tribute to Botticelli &#8211; 515th Anniversary of His Death"},"content":{"rendered":"\n<p>On the occasion of the 515th anniversary of his death, Museum TV pays tribute to him and looks back on the career of this Renaissance master: Alessandro di Mariano di Vanni Filipepi, known as Sandro Botticelli, was born in Florence on March 1, 1445. He was one of the artists of the Quattrocento generation, along with Michelangelo, Raphael, and Donatello. He is recognized as one of the most memorable painters of the Italian Renaissance. <\/p>\n\n\n\n<h2 class=\"wp-block-heading\"><span class=\"TextRun SCXW174458578 BCX8\" lang=\"FR-FR\" xml:lang=\"FR-FR\" data-contrast=\"auto\"><span class=\"NormalTextRun SCXW174458578 BCX8\">Quattrocento Florence<\/span><\/span><span class=\"EOP SCXW174458578 BCX8\" data-ccp-props=\"{}\">&nbsp;<\/span><\/h2>\n\n\n\n<p><span class=\"TextRun SCXW216982828 BCX8\" lang=\"EN-US\" xml:lang=\"EN-US\" data-contrast=\"auto\"><span class=\"NormalTextRun SCXW216982828 BCX8\">Florence, the capital of Tuscany and a prolific artistic center, was ruled by the Medici family at the time. The Medici, with their keen interest in the arts and literature, had <\/span><span class=\"NormalTextRun SCXW216982828 BCX8\">a great influence<\/span><span class=\"NormalTextRun SCXW216982828 BCX8\"> on writers and artists, including Botticelli, who received <\/span><span class=\"NormalTextRun AdvancedProofingIssueV2Themed SCXW216982828 BCX8\">a number of<\/span><span class=\"NormalTextRun SCXW216982828 BCX8\"> commissions from them. Among them is the Trebbio Altarpiece, created between 1497 and 1499 by Lorenzo di Pierfrancesco de&#8217; Medici.<\/span><\/span><span class=\"EOP SCXW216982828 BCX8\" data-ccp-props=\"{}\">&nbsp;<\/span><\/p>\n\n\n<div class=\"wp-block-image\">\n<figure class=\"aligncenter size-full\"><img loading=\"lazy\" decoding=\"async\" width=\"410\" height=\"397\" src=\"https:\/\/www.museumtv.art\/wp-content\/uploads\/2025\/05\/retable-de-Trebbio-.png\" alt=\"Sandro Botticelli, Trebbio Altarpiece, Virgin and Child on a throne with saints Dominic, Cosmas, Damian, Francis, Lorenzo and John the Baptist,\" class=\"wp-image-225147\" srcset=\"https:\/\/www.museumtv.art\/wp-content\/uploads\/2025\/05\/retable-de-Trebbio-.png 410w, https:\/\/www.museumtv.art\/wp-content\/uploads\/2025\/05\/retable-de-Trebbio--300x290.png 300w\" sizes=\"auto, (max-width: 410px) 100vw, 410px\" \/><figcaption class=\"wp-element-caption\"><span class=\"TextRun SCXW181832835 BCX8\" lang=\"EN-US\" xml:lang=\"EN-US\" data-contrast=\"auto\"><em><span class=\"NormalTextRun SCXW181832835 BCX8\">Sandro Botticelli, Trebbio Altarpiece, Virgin and Child on a Throne with Saints Dominic, Cosmas, Damian, Francis, Lawrence, and John the Baptist, 1497-1499, oil, tempera, and plaster on canvas, 177 x 205 cm, Accademia Gallery, Florence.<\/span> <\/em><\/span><\/figcaption><\/figure><\/div>\n\n\n<p>The city was populated by bankers, merchants, and industrialists, which gave it its dynamism and economic prosperity. Public festivals, processions, theatrical and secular performances stimulated the inspiration of artists. <\/p>\n\n\n\n<h2 class=\"wp-block-heading\"><span class=\"TextRun SCXW117785873 BCX8\" lang=\"EN-US\" xml:lang=\"EN-US\" data-contrast=\"auto\"><span class=\"NormalTextRun SCXW117785873 BCX8\">The Theory of Perspective<\/span><\/span><span class=\"EOP SCXW117785873 BCX8\" data-ccp-props=\"{}\">&nbsp;<\/span><\/h2>\n\n\n\n<p><span class=\"TextRun SCXW241115180 BCX8\" lang=\"EN-US\" xml:lang=\"EN-US\" data-contrast=\"auto\"><span class=\"NormalTextRun SCXW241115180 BCX8\">Artistic production in Quattrocento Florence was marked by two major elements: an interest in <\/span><span class=\"NormalTextRun ContextualSpellingAndGrammarErrorV2Themed SCXW241115180 BCX8\">the ancient<\/span><span class=\"NormalTextRun SCXW241115180 BCX8\"> heritage and perspective. Indeed, Brunelleschi and Leo Battista Alberti <\/span><span class=\"NormalTextRun SCXW241115180 BCX8\">established<\/span><span class=\"NormalTextRun SCXW241115180 BCX8\"> the rules of perspective. In 1435, Alberti published De Pictura, an essential work on the subject. Theorization of perspective allowed the <\/span><span class=\"NormalTextRun SpellingErrorV2Themed SCXW241115180 BCX8\">Quattrocentes<\/span><span class=\"NormalTextRun SCXW241115180 BCX8\"> to <\/span><span class=\"NormalTextRun SCXW241115180 BCX8\">render<\/span><span class=\"NormalTextRun SCXW241115180 BCX8\"> nature as faithfully as possible. This is reminiscent of the anecdote of Zeuxis and <\/span><span class=\"NormalTextRun SpellingErrorV2Themed SCXW241115180 BCX8\">Parrhasios<\/span><span class=\"NormalTextRun SCXW241115180 BCX8\"> reported by Pliny, according to which Zeuxis had depicted grapes so realistically that birds came to peck at the painting. By comparison, before the theory of perspective, Giotto, a pre-Renaissance artist, crowded his figures, which <\/span><span class=\"NormalTextRun SCXW241115180 BCX8\">somewhat blurred<\/span><span class=\"NormalTextRun SCXW241115180 BCX8\"> the reading.<\/span><\/span><span class=\"EOP SCXW241115180 BCX8\" data-ccp-props=\"{}\">&nbsp;<\/span><\/p>\n\n\n<div class=\"wp-block-image\">\n<figure class=\"aligncenter size-full\"><img loading=\"lazy\" decoding=\"async\" width=\"383\" height=\"370\" src=\"https:\/\/www.museumtv.art\/wp-content\/uploads\/2025\/05\/le-baiser-de-Judas.png\" alt=\"Giotto di Bondone, The Kiss of Judas\" class=\"wp-image-225140\" srcset=\"https:\/\/www.museumtv.art\/wp-content\/uploads\/2025\/05\/le-baiser-de-Judas.png 383w, https:\/\/www.museumtv.art\/wp-content\/uploads\/2025\/05\/le-baiser-de-Judas-300x290.png 300w\" sizes=\"auto, (max-width: 383px) 100vw, 383px\" \/><figcaption class=\"wp-element-caption\"><span class=\"TextRun SCXW186527580 BCX8\" lang=\"EN-US\" xml:lang=\"EN-US\" data-contrast=\"auto\"><em><span class=\"NormalTextRun SCXW186527580 BCX8\">Giotto di Bondone, The Kiss of Judas, 1303-1305, fresco, Padua, Scrovegni Chapel<\/span> <\/em><\/span><\/figcaption><\/figure><\/div>\n\n\n<h2 class=\"wp-block-heading\"><span class=\"TextRun SCXW167681489 BCX8\" lang=\"EN-US\" xml:lang=\"EN-US\" data-contrast=\"auto\"><span class=\"NormalTextRun SCXW167681489 BCX8\">Training as a Painter<\/span><\/span><span class=\"EOP SCXW167681489 BCX8\" data-ccp-props=\"{}\">&nbsp;<\/span><\/h2>\n\n\n\n<p>Thus, around 1461-1462, Botticelli began his apprenticeship with Fra Filippo Lippi. At that time, a painter&#8217;s artistic training began at around ten or twelve years old as an apprentice in a workshop. His duties consisted of preparing the colors, panels, and mortar for the frescoes. He learned by observing his master. Later, the future painter obtained the status of journeyman, where he assisted the master in his work. Once his training was completed, he left his master to set up his own business. <\/p>\n\n\n<div class=\"wp-block-image\">\n<figure class=\"aligncenter size-full\"><img loading=\"lazy\" decoding=\"async\" width=\"470\" height=\"400\" src=\"https:\/\/www.museumtv.art\/wp-content\/uploads\/2025\/05\/lippi-la-vierge-et-lenfant.png\" alt=\"Lippi, Madonna and Child surrounded by angels The Madonna holding the Child is seen with religious figures kneeling.\" class=\"wp-image-225143\" srcset=\"https:\/\/www.museumtv.art\/wp-content\/uploads\/2025\/05\/lippi-la-vierge-et-lenfant.png 470w, https:\/\/www.museumtv.art\/wp-content\/uploads\/2025\/05\/lippi-la-vierge-et-lenfant-300x255.png 300w\" sizes=\"auto, (max-width: 470px) 100vw, 470px\" \/><figcaption class=\"wp-element-caption\"><span class=\"TextRun SCXW60686386 BCX8\" lang=\"EN-US\" xml:lang=\"EN-US\" data-contrast=\"auto\"><span class=\"NormalTextRun SCXW60686386 BCX8\"><em>Fra Filippo Lippi (Filippo di Tommaso), The Virgin and Child S<\/em><\/span><em><span class=\"NormalTextRun SCXW60686386 BCX8\">urrounded by Angels, Saint Frediano, and Saint Augustine, known as Pala Barbadori, 1437, oil on wood, 208 x 244 cm, Paris, Mus\u00e9e du Louvre<\/span> <\/em><\/span><\/figcaption><\/figure><\/div>\n\n\n<p><span class=\"TextRun SCXW67042400 BCX8\" lang=\"EN-US\" xml:lang=\"EN-US\" data-contrast=\"auto\"><span class=\"NormalTextRun SCXW67042400 BCX8\">Botticelli&#8217;s early paintings <\/span><span class=\"NormalTextRun SCXW67042400 BCX8\">demonstrate<\/span><span class=\"NormalTextRun SCXW67042400 BCX8\"> the influence of his master Fra Filippo Lippi. These include the <a href=\"https:\/\/collections.louvre.fr\/ark:\/53355\/cl010064421\">Virgin and Child with Two Angels and Saint John the Baptist<\/a> (1468) and the Madonna of the Eucharist (1470). The clarity of the lines and the use of feminine beauty, tenderness, and a calm attitude with peaceful expressions are characteristic of Botticelli&#8217;s art at the beginning of his career.<\/span><\/span><span class=\"EOP SCXW67042400 BCX8\" data-ccp-props=\"{}\">&nbsp;<\/span><\/p>\n\n\n\n<figure class=\"wp-block-gallery has-nested-images columns-default is-cropped wp-block-gallery-1 is-layout-flex wp-block-gallery-is-layout-flex\">\n<figure class=\"wp-block-image size-large\"><img loading=\"lazy\" decoding=\"async\" width=\"364\" height=\"477\" data-id=\"225136\" src=\"https:\/\/www.museumtv.art\/wp-content\/uploads\/2025\/05\/botticelli-vierge-a-lenfant.png\" alt=\"Sandro Botticelli, Virgin and Child, Young Saint John and Two Angels\" class=\"wp-image-225136\" srcset=\"https:\/\/www.museumtv.art\/wp-content\/uploads\/2025\/05\/botticelli-vierge-a-lenfant.png 364w, https:\/\/www.museumtv.art\/wp-content\/uploads\/2025\/05\/botticelli-vierge-a-lenfant-229x300.png 229w\" sizes=\"auto, (max-width: 364px) 100vw, 364px\" \/><figcaption class=\"wp-element-caption\"><em>Sandro Botticelli, Virgin and Child, Young Saint John and Two Angels, 1468, tempera on wood, 98 x 97 cm, Galleria Dell\u2019Accademia, Florence<\/em><\/figcaption><\/figure>\n\n\n\n<figure class=\"wp-block-image size-large\"><img loading=\"lazy\" decoding=\"async\" width=\"397\" height=\"527\" data-id=\"225144\" src=\"https:\/\/www.museumtv.art\/wp-content\/uploads\/2025\/05\/madone-de-leucharistie.png\" alt=\"Sandro Botticelli, Madonna of the Eucharist. The Madonna holds the child in her left arm and touches an object held by a third person with her right hand.\" class=\"wp-image-225144\" srcset=\"https:\/\/www.museumtv.art\/wp-content\/uploads\/2025\/05\/madone-de-leucharistie.png 397w, https:\/\/www.museumtv.art\/wp-content\/uploads\/2025\/05\/madone-de-leucharistie-226x300.png 226w\" sizes=\"auto, (max-width: 397px) 100vw, 397px\" \/><figcaption class=\"wp-element-caption\"><em>Sandro Botticelli, Madonna of the Eucharist, 1470, tempera on wood, 85 x 64.5 cm, Boston, Isabella Stewart Gardner Museum<\/em><\/figcaption><\/figure>\n<\/figure>\n\n\n\n<h2 class=\"wp-block-heading\"><span class=\"TextRun SCXW53556828 BCX8\" lang=\"EN-US\" xml:lang=\"EN-US\" data-contrast=\"none\"><span class=\"NormalTextRun SCXW53556828 BCX8\">Techniques<\/span><\/span><span class=\"EOP SCXW53556828 BCX8\" data-ccp-props=\"{}\">&nbsp;<\/span><\/h2>\n\n\n\n<p>The two major techniques of the Italian Renaissance were: fresco painting, performed on walls, and egg wash painting, mostly on wood panels.<\/p>\n\n\n\n<ul class=\"wp-block-list\">\n<li>Oil paint was rarely used.<\/li>\n\n\n\n<li>Fresco painting consisted of painting on a still-wet mortar of sand and lime.<\/li>\n\n\n\n<li> Egg wash painting was based on a mixture of powdered colors and egg yolk diluted with water.<\/li>\n<\/ul>\n\n\n\n<h2 class=\"wp-block-heading\"><span class=\"TextRun SCXW64079689 BCX8\" lang=\"EN-US\" xml:lang=\"EN-US\" data-contrast=\"auto\"><span class=\"NormalTextRun SCXW64079689 BCX8\">The Medici, Reliable Patrons<\/span><\/span><span class=\"EOP SCXW64079689 BCX8\" data-ccp-props=\"{}\">&nbsp;<\/span><\/h2>\n\n\n\n<p><span class=\"TextRun SCXW23796773 BCX8\" lang=\"EN-US\" xml:lang=\"EN-US\" data-contrast=\"auto\"><span class=\"NormalTextRun SCXW23796773 BCX8\">Since Fra Filippo Lippi had enjoyed the patronage of the Medici family, his pupil in turn enjoyed this privilege. Botticelli then produced <\/span><span class=\"NormalTextRun AdvancedProofingIssueV2Themed SCXW23796773 BCX8\">a large number of<\/span><span class=\"NormalTextRun SCXW23796773 BCX8\"> mythological paintings for the ruling family. <a href=\"https:\/\/www.florence.net\/galerie-des-offices\/peintures-pallade-e-il-centauro-galerie-des-offices.aspx\">Pallas and the Centaur<\/a> is one of them, commissioned by Lorenzo the Magnificent, possibly <\/span><span class=\"NormalTextRun AdvancedProofingIssueV2Themed SCXW23796773 BCX8\">on the occasion of<\/span><span class=\"NormalTextRun SCXW23796773 BCX8\"> the marriage of his cousin Lorenzo di Pierfrancesco de&#8217; Medici to Semiramide <\/span><span class=\"NormalTextRun SpellingErrorV2Themed SCXW23796773 BCX8\">Appiani<\/span><span class=\"NormalTextRun SCXW23796773 BCX8\">.<\/span><\/span><span class=\"EOP SCXW23796773 BCX8\" data-ccp-props=\"{}\">&nbsp;<\/span><\/p>\n\n\n<div class=\"wp-block-image\">\n<figure class=\"aligncenter size-full\"><img loading=\"lazy\" decoding=\"async\" width=\"322\" height=\"462\" src=\"https:\/\/www.museumtv.art\/wp-content\/uploads\/2025\/05\/pallas-et-le-centaure.png\" alt=\"Sandro Botticelli, Pallas and the Centaur\" class=\"wp-image-225145\" srcset=\"https:\/\/www.museumtv.art\/wp-content\/uploads\/2025\/05\/pallas-et-le-centaure.png 322w, https:\/\/www.museumtv.art\/wp-content\/uploads\/2025\/05\/pallas-et-le-centaure-209x300.png 209w\" sizes=\"auto, (max-width: 322px) 100vw, 322px\" \/><figcaption class=\"wp-element-caption\"><span class=\"TextRun SCXW181720260 BCX8\" lang=\"EN-US\" xml:lang=\"EN-US\" data-contrast=\"auto\"><em><span class=\"NormalTextRun SCXW181720260 BCX8\">Sandro Botticelli, Pallas and the Centaur, 1482-1483, tempera on canvas, 207 x 148 cm, Florence, Uffizi Gallery<\/span> <\/em><\/span><\/figcaption><\/figure><\/div>\n\n\n<p><span class=\"TextRun SCXW137506049 BCX8\" lang=\"EN-US\" xml:lang=\"EN-US\" data-contrast=\"auto\"><span class=\"NormalTextRun SCXW137506049 BCX8\">Another important patron of Botticelli was the Vespucci family, close to the Medici family. Among them was Amerigo Vespucci, the explorer and traveler who gave his name to the Americas. One of the most famous works created for this family is <a href=\"https:\/\/sammlung.staedelmuseum.de\/en\/work\/idealised-portrait-of-a-lady\">the portrait of Simonetta Vespucci<\/a>. This portrait of a young woman, idealized with the mythological features of a nymph, bears the features of Simonetta Vespucci. Giuliano de&#8217; Medici&#8217;s mistress, who died prematurely, is shown in profile, like many of her portraits. Her pendant, resembling an antique cameo, belonging to the Medici family collection, places the young woman within the close circle of this family. Piero di Cosimo (1462-1522), under the plausible commission of Giuliano de Medici, also took up this subject. He depicted the woman with a bare bust, which is unusual for a 15th-century portrait. The dark clouds and the snake biting its tail would seem to <\/span><span class=\"NormalTextRun SCXW137506049 BCX8\">indicate<\/span><span class=\"NormalTextRun SCXW137506049 BCX8\"> the grim fate of Simonetta, who died of consumption at the age of twenty-three in 1476.<\/span><\/span><span class=\"EOP SCXW137506049 BCX8\" data-ccp-props=\"{}\">&nbsp;<\/span><\/p>\n\n\n\n<figure class=\"wp-block-gallery has-nested-images columns-default is-cropped wp-block-gallery-2 is-layout-flex wp-block-gallery-is-layout-flex\">\n<figure class=\"wp-block-image size-large\"><img loading=\"lazy\" decoding=\"async\" width=\"314\" height=\"474\" data-id=\"225135\" src=\"https:\/\/www.museumtv.art\/wp-content\/uploads\/2025\/05\/botticelli-simonetta.png\" alt=\"Sandro Botticelli Portrait of a young woman Simonetta stands in profile Redhead with wavy hair, she has a pendant around her neck.\" class=\"wp-image-225135\" srcset=\"https:\/\/www.museumtv.art\/wp-content\/uploads\/2025\/05\/botticelli-simonetta.png 314w, https:\/\/www.museumtv.art\/wp-content\/uploads\/2025\/05\/botticelli-simonetta-199x300.png 199w\" sizes=\"auto, (max-width: 314px) 100vw, 314px\" \/><figcaption class=\"wp-element-caption\"><em>Sandro Botticelli, Portrait of a Young Woman, 1480-1485, tempera on poplar, 81.3 x 54 x 0.3 cm, Germany, St \u00e4del, Frankfurt am Main<\/em><\/figcaption><\/figure>\n\n\n\n<figure class=\"wp-block-image size-large\"><img loading=\"lazy\" decoding=\"async\" width=\"383\" height=\"518\" data-id=\"225146\" src=\"https:\/\/www.museumtv.art\/wp-content\/uploads\/2025\/05\/piero-di-cosimo-simonetta-.png\" alt=\"Piero di Cosimo, Portrait of a woman said to be Simonetta Vespucci She is in profile, her hair is adorned with jewelry, but she is wearing nothing but a stole around her shoulders, not concealing her breasts.\" class=\"wp-image-225146\" srcset=\"https:\/\/www.museumtv.art\/wp-content\/uploads\/2025\/05\/piero-di-cosimo-simonetta-.png 383w, https:\/\/www.museumtv.art\/wp-content\/uploads\/2025\/05\/piero-di-cosimo-simonetta--222x300.png 222w\" sizes=\"auto, (max-width: 383px) 100vw, 383px\" \/><figcaption class=\"wp-element-caption\"><em>Piero di Cosimo, Portrait of a Woman, known as Simonetta Vespucci, c. 1480-90, tempera on poplar, 57 x 42 cm, Mus\u00e9e Cond\u00e9, Ch\u00e2teau de Chantilly<\/em><\/figcaption><\/figure>\n<\/figure>\n\n\n\n<h2 class=\"wp-block-heading\"><span class=\"TextRun SCXW142613927 BCX8\" lang=\"EN-US\" xml:lang=\"EN-US\" data-contrast=\"auto\"><span class=\"NormalTextRun SCXW142613927 BCX8\">Being a Painter in the Quattrocento<\/span><\/span><span class=\"EOP SCXW142613927 BCX8\" data-ccp-props=\"{}\">&nbsp;<\/span><\/h2>\n\n\n\n<p>During this period, artists were considered artisans, just like shoemakers. Italian artists of the Quattrocento had to belong to a guild in order to receive commissions. Like contemporary artists, artists of this century worked almost exclusively to commission. The client specified the technique and pigments to be used, based on the cost of the latter in particular. He also indicated the price paid to the artist.<\/p>\n\n\n\n<p><span class=\"TextRun SCXW189743624 BCX8\" lang=\"EN-US\" xml:lang=\"EN-US\" data-contrast=\"auto\"><span class=\"NormalTextRun SCXW189743624 BCX8\">From 1467-1468, Botticelli had an <a href=\"https:\/\/musee-renaissance.fr\/sites\/renaissance\/files\/documents\/CR_exposition%20Botticelli.pdf\">independent workshop<\/a>. In 1472, he joined the Florentine painters&#8217; guild, <a href=\"https:\/\/0-books-openedition-org.catalogue.libraries.london.ac.uk\/psorbonne\/83505?utm_source=chatgpt.com\">the Company of Saint Luke<\/a>. Florentine artists founded the Compagnia di San Luca, a religious and professional brotherhood, in 1339. The brotherhood placed painters under the patronage of Saint Luke, the patron saint of painters.<\/span><\/span><span class=\"EOP SCXW189743624 BCX8\" data-ccp-props=\"{}\">&nbsp;<\/span><\/p>\n\n\n\n<p><span class=\"TextRun SCXW25465909 BCX8\" lang=\"EN-US\" xml:lang=\"EN-US\" data-contrast=\"auto\"><span class=\"NormalTextRun SCXW25465909 BCX8\">The painter&#8217;s fame was such that in 1481, Pope Sixtus IV summoned Botticelli to <a href=\"http:\/\/www.encyclopedie.bseditions.fr\/article.php?pArticleId=163&amp;pChapitreId=25220&amp;pSousChapitreId=25238&amp;pArticleLib=La+s%E9rie+des+Papes+%5BLes+fresques+des+murs+de+la+chapelle+%5BRome+%3A+la+chapelle+Sixtine+%28Vatican%29%5D%5D\">the construction site of the Sistine Chapel in Rome.<\/a> He produced major frescoes, including The Temptation of Christ and The Punishment of the Rebels, as well as several portraits of popes such as Pope Sixtus II.<\/span><\/span><span class=\"EOP SCXW25465909 BCX8\" data-ccp-props=\"{}\">&nbsp;<\/span><\/p>\n\n\n\n<figure class=\"wp-block-gallery has-nested-images columns-default is-cropped wp-block-gallery-3 is-layout-flex wp-block-gallery-is-layout-flex\">\n<figure class=\"wp-block-image size-large\"><img loading=\"lazy\" decoding=\"async\" width=\"458\" height=\"285\" data-id=\"225139\" src=\"https:\/\/www.museumtv.art\/wp-content\/uploads\/2025\/05\/la-tentation-du-christ.png\" alt=\"Sandro Botticelli, The Temptation of Christ\" class=\"wp-image-225139\" srcset=\"https:\/\/www.museumtv.art\/wp-content\/uploads\/2025\/05\/la-tentation-du-christ.png 458w, https:\/\/www.museumtv.art\/wp-content\/uploads\/2025\/05\/la-tentation-du-christ-300x187.png 300w\" sizes=\"auto, (max-width: 458px) 100vw, 458px\" \/><figcaption class=\"wp-element-caption\"><em>Sandro Botticelli, The Temptation of Christ, 1481-1482, fresco, 345.5 x 555 cm, Vatican, Sistine Chapel<\/em><\/figcaption><\/figure>\n\n\n\n<figure class=\"wp-block-image size-large\"><img loading=\"lazy\" decoding=\"async\" width=\"470\" height=\"295\" data-id=\"225141\" src=\"https:\/\/www.museumtv.art\/wp-content\/uploads\/2025\/05\/le-chatiment-des-rebelles-.png\" alt=\"Sandro Botticelli, The Punishment of the Rebels\" class=\"wp-image-225141\" srcset=\"https:\/\/www.museumtv.art\/wp-content\/uploads\/2025\/05\/le-chatiment-des-rebelles-.png 470w, https:\/\/www.museumtv.art\/wp-content\/uploads\/2025\/05\/le-chatiment-des-rebelles--300x188.png 300w\" sizes=\"auto, (max-width: 470px) 100vw, 470px\" \/><figcaption class=\"wp-element-caption\"><em>Sandro Botticelli, The Punishment of the Rebels, 1481-1482, fresco, 348.5 x 570 cm, Vatican, Sistine Chapel<\/em><\/figcaption><\/figure>\n\n\n\n<figure class=\"wp-block-image size-large\"><img loading=\"lazy\" decoding=\"async\" width=\"308\" height=\"452\" data-id=\"225142\" src=\"https:\/\/www.museumtv.art\/wp-content\/uploads\/2025\/05\/le-pape-sixte-II.png\" alt=\"Sandro Botticelli, Pope Sixtus II\" class=\"wp-image-225142\" srcset=\"https:\/\/www.museumtv.art\/wp-content\/uploads\/2025\/05\/le-pape-sixte-II.png 308w, https:\/\/www.museumtv.art\/wp-content\/uploads\/2025\/05\/le-pape-sixte-II-204x300.png 204w\" sizes=\"auto, (max-width: 308px) 100vw, 308px\" \/><figcaption class=\"wp-element-caption\"><em>Sandro Botticelli, Pope Sixtus II, 1481, fresco, 210 x 80 cm, Vatican, Sistine Chapel<\/em><\/figcaption><\/figure>\n<\/figure>\n\n\n\n<h2 class=\"wp-block-heading\"><span class=\"TextRun SCXW216685416 BCX8\" lang=\"EN-US\" xml:lang=\"EN-US\" data-contrast=\"auto\"><span class=\"NormalTextRun SCXW216685416 BCX8\">Botticelli, Dark <\/span><span class=\"NormalTextRun SCXW216685416 BCX8\">Ages<\/span><span class=\"NormalTextRun SCXW216685416 BCX8\"> and <\/span><span class=\"NormalTextRun SCXW216685416 BCX8\">r<\/span><span class=\"NormalTextRun SCXW216685416 BCX8\">enaissance<\/span><\/span><span class=\"EOP SCXW216685416 BCX8\" data-ccp-props=\"{}\">&nbsp;<\/span><\/h2>\n\n\n\n<p><span class=\"TextRun SCXW28959856 BCX8\" lang=\"EN-US\" xml:lang=\"EN-US\" data-contrast=\"auto\"><span class=\"NormalTextRun SCXW28959856 BCX8\">The turbulent political climate in Florence marked the end of his career. Following the death of Lorenzo de&#8217; Medici, known as Lorenzo the Magnificent, in 1492, Charles VIII invaded Florence in 1494, giving <a href=\"https:\/\/www.levoyageinacheve.com\/2011\/02\/la-predication-de-savonarole\/\">Savonarola<\/a> the opportunity to take power of the city. He <\/span><span class=\"NormalTextRun SCXW28959856 BCX8\">established<\/span><span class=\"NormalTextRun SCXW28959856 BCX8\"> a theocratic regime. He erected a &#8220;bonfire of the Vanities&#8221; in the Piazza <\/span><span class=\"NormalTextRun SpellingErrorV2Themed SCXW28959856 BCX8\">della<\/span><span class=\"NormalTextRun SCXW28959856 BCX8\"> Signoria, where Florentines burned anything that might alienate them from morality. Some of Botticelli&#8217;s works were lost during this period.<\/span><\/span><span class=\"EOP SCXW28959856 BCX8\" data-ccp-props=\"{}\">&nbsp;<\/span><\/p>\n\n\n\n<p>Sandro Botticelli transcribed this austere period and the attacks on his patrons in his works. <\/p>\n\n\n\n<figure class=\"wp-block-gallery has-nested-images columns-default is-cropped wp-block-gallery-4 is-layout-flex wp-block-gallery-is-layout-flex\">\n<figure class=\"wp-block-image size-large\"><img loading=\"lazy\" decoding=\"async\" width=\"343\" height=\"470\" data-id=\"225137\" src=\"https:\/\/www.museumtv.art\/wp-content\/uploads\/2025\/05\/derniere-communion-de-st-jerome.png\" alt=\"Sandro Botticelli, Last Communion of Saint Jerome Saint Jerome surrounded by religious is being baptized\" class=\"wp-image-225137\" srcset=\"https:\/\/www.museumtv.art\/wp-content\/uploads\/2025\/05\/derniere-communion-de-st-jerome.png 343w, https:\/\/www.museumtv.art\/wp-content\/uploads\/2025\/05\/derniere-communion-de-st-jerome-219x300.png 219w\" sizes=\"auto, (max-width: 343px) 100vw, 343px\" \/><figcaption class=\"wp-element-caption\"><em>Sandro Botticelli, Last Communion of Saint Jerome, c. 1495, tempera on wood, 33 x 25 cm, New York, Metropolitan Museum of Art<\/em><\/figcaption><\/figure>\n\n\n\n<figure class=\"wp-block-image size-large\"><img loading=\"lazy\" decoding=\"async\" width=\"383\" height=\"504\" data-id=\"225138\" src=\"https:\/\/www.museumtv.art\/wp-content\/uploads\/2025\/05\/la-nativite-mystique.png\" alt=\"Sandro Botticelli, The Mystical Nativity\" class=\"wp-image-225138\" srcset=\"https:\/\/www.museumtv.art\/wp-content\/uploads\/2025\/05\/la-nativite-mystique.png 383w, https:\/\/www.museumtv.art\/wp-content\/uploads\/2025\/05\/la-nativite-mystique-228x300.png 228w\" sizes=\"auto, (max-width: 383px) 100vw, 383px\" \/><figcaption class=\"wp-element-caption\"><em>Sandro Botticelli, The Mystical Nativity, 1501, tempera on canvas, 108.5 x 75 cm, London, National Gallery<\/em><\/figcaption><\/figure>\n<\/figure>\n\n\n\n<p>Sandro Botticelli died on May 17, 1510, in Florence in poverty. His art was neglected for several centuries before being rediscovered by an essay by Walter Pater. The 19th-century Pre-Raphaelite movement, notably led by Dante Gabriel Rossetti, took an interest in Italian Renaissance painting before Raphael. Botticelli then became a major source of inspiration. <\/p>\n\n\n\n<h2 class=\"wp-block-heading\"><span class=\"TextRun SCXW152392896 BCX8\" lang=\"EN-US\" xml:lang=\"EN-US\" data-contrast=\"auto\"><span class=\"NormalTextRun SCXW152392896 BCX8\">Artwork of the Day<\/span><\/span><span class=\"EOP SCXW152392896 BCX8\" data-ccp-props=\"{}\">&nbsp;<\/span><\/h2>\n\n\n\n<p><span class=\"TextRun SCXW64607348 BCX8\" lang=\"EN-US\" xml:lang=\"EN-US\" data-contrast=\"auto\"><span class=\"NormalTextRun SCXW64607348 BCX8\">Botticelli repeatedly addressed a recurring theme in the history of Christian art: <a href=\"https:\/\/www.e-venise.com\/musees-florence\/offices\/botticelli-adoration-des-mages-1475-offices-uffizi-florence-01.html\">the Adoration of the Magi<\/a>. Gaspare di Zanobi del Lama, a supporter of the Medici, commissioned the 1476 version, which was to adorn a chapel in the church of Santa Maria Novella.<\/span><\/span><span class=\"EOP SCXW64607348 BCX8\" data-ccp-props=\"{}\">&nbsp;<\/span><\/p>\n\n\n\n<p>The Adoration of the Magi, according to the Gospel according to Matthew, was recorded during the Nativity. According to Christian tradition, the three Magi: Melchior, Caspar, and Balthazar, paid homage to the infant Jesus by bringing him gold, frankincense, and myrrh, respectively. <\/p>\n\n\n\n<p>The popularity of this iconographic theme in Florence can be explained by an annual event. On Epiphany, the Medici participated in the procession of the Magi. <\/p>\n\n\n\n<p>In this work, the scene is set in a ruined building. The pyramidal composition highlights the group formed by the Holy Family. The kneeling Magi in the foreground, wearing a red robe, is the pictorial center of the work. Botticelli introduces contemporary figures such as Cosimo de&#8217; Medici, the Magi kneeling at the feet of the Child, Peter I de&#8217; Medici, the Magi in the vermillion robe, Giovanni, and Giuliano de&#8217; Medici to his right. The painter is believed to have depicted Lorenzo de&#8217; Medici on the left, holding a sword between his legs. Symmetrically, the man draped in a red ochre cloak could be a self-portrait of the painter himself. <\/p>\n\n\n<div class=\"wp-block-image\">\n<figure class=\"aligncenter size-full\"><img loading=\"lazy\" decoding=\"async\" width=\"470\" height=\"375\" src=\"https:\/\/www.museumtv.art\/wp-content\/uploads\/2025\/05\/adoration-des-mages-.png\" alt=\"Sandro Botticelli, The Adoration of the Magi\" class=\"wp-image-225134\" srcset=\"https:\/\/www.museumtv.art\/wp-content\/uploads\/2025\/05\/adoration-des-mages-.png 470w, https:\/\/www.museumtv.art\/wp-content\/uploads\/2025\/05\/adoration-des-mages--300x239.png 300w\" sizes=\"auto, (max-width: 470px) 100vw, 470px\" \/><figcaption class=\"wp-element-caption\"><span class=\"TextRun SCXW226156905 BCX8\" lang=\"EN-US\" xml:lang=\"EN-US\" data-contrast=\"auto\"><em><span class=\"NormalTextRun SCXW226156905 BCX8\">Sandro Botticelli, The Adoration of the Magi, c. 1476, tempera on wood, 111 x 134 cm, Florence, Uffizi Gallery<\/span> <\/em><\/span><\/figcaption><\/figure><\/div>\n\n\n<p>On the occasion of the 515th anniversary of the death of Sandro Botticelli, an emblematic figure of <a href=\"https:\/\/www.museumtv.art\/artnews\/articles\/les-origines-de-la-renaissance\/\">the Renaissance<\/a>, this tribute is also an opportunity to (re)discover the incredible influence of this artistic movement that profoundly marked the history of art. To prolong this immersion, explore our selection of documentaries devoted to <a href=\"https:\/\/my.museumtv.art\/smartlists\/la-renaissance\">the great masters of the Renaissance<\/a> on our video-on-demand platform: <a href=\"https:\/\/my.museumtv.art\/\">my.museumtv.art<\/a>. A fascinating dive into the heart of creativity, innovation and artistic genius.<\/p>\n\n\n\n<p><\/p>\n","protected":false},"excerpt":{"rendered":"<p>On the occasion of the 515th anniversary of his death, Museum TV pays tribute to him and looks back on the career of this Renaissance master: Alessandro di Mariano di Vanni Filipepi, known as Sandro Botticelli, was born in Florence on March 1, 1445. He was one of the artists of the Quattrocento generation, along [&hellip;]<\/p>\n","protected":false},"author":104,"featured_media":145733,"comment_status":"closed","ping_status":"open","sticky":false,"template":"","format":"standard","meta":{"footnotes":""},"categories":[1938],"tags":[2547,2424,2539,2393,2555],"group":[547],"support":[12],"class_list":["post-225704","post","type-post","status-publish","format-standard","has-post-thumbnail","hentry","category-uncategorized","tag-artist","tag-museum-tv-en","tag-peinture-en","tag-renaissance-en","tag-tribute","group-portraits","support-artiste"],"yoast_head":"<!-- This site is optimized with the Yoast SEO plugin v24.0 - https:\/\/yoast.com\/wordpress\/plugins\/seo\/ -->\n<title>Tribute to Botticelli - 515th Anniversary of His Death - Museum TV<\/title>\n<meta name=\"description\" content=\"Botticelli tribute: on the occasion of the 515th anniversary of his death, Museum TV retraces the career of the Renaissance master.\" \/>\n<meta name=\"robots\" content=\"index, follow, max-snippet:-1, max-image-preview:large, max-video-preview:-1\" \/>\n<link rel=\"canonical\" href=\"https:\/\/www.museumtv.art\/en\/artnews\/artistes\/tribute-to-botticelli-515th-anniversary-of-his-death\/\" \/>\n<meta property=\"og:locale\" content=\"en_US\" \/>\n<meta property=\"og:type\" content=\"article\" \/>\n<meta property=\"og:title\" content=\"Tribute to Botticelli - 515th Anniversary of His Death - Museum TV\" \/>\n<meta property=\"og:description\" content=\"Botticelli tribute: on the occasion of the 515th anniversary of his death, Museum TV retraces the career of the Renaissance master.\" \/>\n<meta property=\"og:url\" content=\"https:\/\/www.museumtv.art\/en\/artnews\/artistes\/tribute-to-botticelli-515th-anniversary-of-his-death\/\" \/>\n<meta property=\"og:site_name\" content=\"Museum TV\" \/>\n<meta property=\"article:publisher\" content=\"https:\/\/www.facebook.com\/museumtv.art\/\" \/>\n<meta property=\"article:published_time\" content=\"2025-05-20T13:21:26+00:00\" \/>\n<meta property=\"article:modified_time\" content=\"2025-05-20T13:23:59+00:00\" \/>\n<meta property=\"og:image\" content=\"https:\/\/www.museumtv.art\/wp-content\/uploads\/2023\/03\/1720px-Sandro_Botticelli_-_La_nascita_di_Venere_-_Google_Art_Project_-_edited.jpg\" \/>\n\t<meta property=\"og:image:width\" content=\"1720\" \/>\n\t<meta property=\"og:image:height\" content=\"1080\" \/>\n\t<meta property=\"og:image:type\" content=\"image\/jpeg\" \/>\n<meta name=\"author\" content=\"Berthille Lorillou\" \/>\n<meta name=\"twitter:card\" content=\"summary_large_image\" \/>\n<meta name=\"twitter:label1\" content=\"Written by\" \/>\n\t<meta name=\"twitter:data1\" content=\"Berthille Lorillou\" \/>\n\t<meta name=\"twitter:label2\" content=\"Est. reading time\" \/>\n\t<meta name=\"twitter:data2\" content=\"8 minutes\" \/>\n<script type=\"application\/ld+json\" class=\"yoast-schema-graph\">{\"@context\":\"https:\/\/schema.org\",\"@graph\":[{\"@type\":\"Article\",\"@id\":\"https:\/\/www.museumtv.art\/en\/artnews\/artistes\/tribute-to-botticelli-515th-anniversary-of-his-death\/#article\",\"isPartOf\":{\"@id\":\"https:\/\/www.museumtv.art\/en\/artnews\/artistes\/tribute-to-botticelli-515th-anniversary-of-his-death\/\"},\"author\":{\"name\":\"Berthille Lorillou\",\"@id\":\"https:\/\/www.museumtv.art\/#\/schema\/person\/bf6a7cf576a0534e1daa82d7ae4741a5\"},\"headline\":\"Tribute to Botticelli &#8211; 515th Anniversary of His Death\",\"datePublished\":\"2025-05-20T13:21:26+00:00\",\"dateModified\":\"2025-05-20T13:23:59+00:00\",\"mainEntityOfPage\":{\"@id\":\"https:\/\/www.museumtv.art\/en\/artnews\/artistes\/tribute-to-botticelli-515th-anniversary-of-his-death\/\"},\"wordCount\":1620,\"publisher\":{\"@id\":\"https:\/\/www.museumtv.art\/#organization\"},\"image\":{\"@id\":\"https:\/\/www.museumtv.art\/en\/artnews\/artistes\/tribute-to-botticelli-515th-anniversary-of-his-death\/#primaryimage\"},\"thumbnailUrl\":\"https:\/\/www.museumtv.art\/wp-content\/uploads\/2023\/03\/1720px-Sandro_Botticelli_-_La_nascita_di_Venere_-_Google_Art_Project_-_edited.jpg\",\"keywords\":[\"Artist\",\"MUSEUM TV\",\"peinture\",\"renaissance\",\"Tribute\"],\"inLanguage\":\"en-US\"},{\"@type\":\"WebPage\",\"@id\":\"https:\/\/www.museumtv.art\/en\/artnews\/artistes\/tribute-to-botticelli-515th-anniversary-of-his-death\/\",\"url\":\"https:\/\/www.museumtv.art\/en\/artnews\/artistes\/tribute-to-botticelli-515th-anniversary-of-his-death\/\",\"name\":\"Tribute to Botticelli - 515th Anniversary of His Death - Museum TV\",\"isPartOf\":{\"@id\":\"https:\/\/www.museumtv.art\/#website\"},\"primaryImageOfPage\":{\"@id\":\"https:\/\/www.museumtv.art\/en\/artnews\/artistes\/tribute-to-botticelli-515th-anniversary-of-his-death\/#primaryimage\"},\"image\":{\"@id\":\"https:\/\/www.museumtv.art\/en\/artnews\/artistes\/tribute-to-botticelli-515th-anniversary-of-his-death\/#primaryimage\"},\"thumbnailUrl\":\"https:\/\/www.museumtv.art\/wp-content\/uploads\/2023\/03\/1720px-Sandro_Botticelli_-_La_nascita_di_Venere_-_Google_Art_Project_-_edited.jpg\",\"datePublished\":\"2025-05-20T13:21:26+00:00\",\"dateModified\":\"2025-05-20T13:23:59+00:00\",\"description\":\"Botticelli tribute: on the occasion of the 515th anniversary of his death, Museum TV retraces the career of the Renaissance master.\",\"breadcrumb\":{\"@id\":\"https:\/\/www.museumtv.art\/en\/artnews\/artistes\/tribute-to-botticelli-515th-anniversary-of-his-death\/#breadcrumb\"},\"inLanguage\":\"en-US\",\"potentialAction\":[{\"@type\":\"ReadAction\",\"target\":[\"https:\/\/www.museumtv.art\/en\/artnews\/artistes\/tribute-to-botticelli-515th-anniversary-of-his-death\/\"]}]},{\"@type\":\"ImageObject\",\"inLanguage\":\"en-US\",\"@id\":\"https:\/\/www.museumtv.art\/en\/artnews\/artistes\/tribute-to-botticelli-515th-anniversary-of-his-death\/#primaryimage\",\"url\":\"https:\/\/www.museumtv.art\/wp-content\/uploads\/2023\/03\/1720px-Sandro_Botticelli_-_La_nascita_di_Venere_-_Google_Art_Project_-_edited.jpg\",\"contentUrl\":\"https:\/\/www.museumtv.art\/wp-content\/uploads\/2023\/03\/1720px-Sandro_Botticelli_-_La_nascita_di_Venere_-_Google_Art_Project_-_edited.jpg\",\"width\":1720,\"height\":1080,\"caption\":\"La naissance de V\u00e9nus de Sandro Botticelli\"},{\"@type\":\"BreadcrumbList\",\"@id\":\"https:\/\/www.museumtv.art\/en\/artnews\/artistes\/tribute-to-botticelli-515th-anniversary-of-his-death\/#breadcrumb\",\"itemListElement\":[{\"@type\":\"ListItem\",\"position\":1,\"name\":\"Accueil\",\"item\":\"https:\/\/www.museumtv.art\/en\/\"},{\"@type\":\"ListItem\",\"position\":2,\"name\":\"Tribute to Botticelli &#8211; 515th Anniversary of His Death\"}]},{\"@type\":\"WebSite\",\"@id\":\"https:\/\/www.museumtv.art\/#website\",\"url\":\"https:\/\/www.museumtv.art\/\",\"name\":\"Museum TV\",\"description\":\"The first channel dedicated to art\",\"publisher\":{\"@id\":\"https:\/\/www.museumtv.art\/#organization\"},\"potentialAction\":[{\"@type\":\"SearchAction\",\"target\":{\"@type\":\"EntryPoint\",\"urlTemplate\":\"https:\/\/www.museumtv.art\/?s={search_term_string}\"},\"query-input\":{\"@type\":\"PropertyValueSpecification\",\"valueRequired\":true,\"valueName\":\"search_term_string\"}}],\"inLanguage\":\"en-US\"},{\"@type\":\"Organization\",\"@id\":\"https:\/\/www.museumtv.art\/#organization\",\"name\":\"Museum TV\",\"url\":\"https:\/\/www.museumtv.art\/\",\"logo\":{\"@type\":\"ImageObject\",\"inLanguage\":\"en-US\",\"@id\":\"https:\/\/www.museumtv.art\/#\/schema\/logo\/image\/\",\"url\":\"https:\/\/www.museumtv.art\/wp-content\/uploads\/2021\/10\/apple-touch-icon-1.png\",\"contentUrl\":\"https:\/\/www.museumtv.art\/wp-content\/uploads\/2021\/10\/apple-touch-icon-1.png\",\"width\":180,\"height\":180,\"caption\":\"Museum TV\"},\"image\":{\"@id\":\"https:\/\/www.museumtv.art\/#\/schema\/logo\/image\/\"},\"sameAs\":[\"https:\/\/www.facebook.com\/museumtv.art\/\",\"https:\/\/www.instagram.com\/museumtv_art\/?hl=fr\",\"https:\/\/www.linkedin.com\/company\/museumtv\"]},{\"@type\":\"Person\",\"@id\":\"https:\/\/www.museumtv.art\/#\/schema\/person\/bf6a7cf576a0534e1daa82d7ae4741a5\",\"name\":\"Berthille Lorillou\",\"image\":{\"@type\":\"ImageObject\",\"inLanguage\":\"en-US\",\"@id\":\"https:\/\/www.museumtv.art\/#\/schema\/person\/image\/\",\"url\":\"https:\/\/secure.gravatar.com\/avatar\/e49a1b908ff65cb6458bd57e6050a48f?s=96&d=mm&r=g\",\"contentUrl\":\"https:\/\/secure.gravatar.com\/avatar\/e49a1b908ff65cb6458bd57e6050a48f?s=96&d=mm&r=g\",\"caption\":\"Berthille Lorillou\"},\"url\":\"https:\/\/www.museumtv.art\/en\/author\/berthille-lorillou\/\"}]}<\/script>\n<!-- \/ Yoast SEO plugin. -->","yoast_head_json":{"title":"Tribute to Botticelli - 515th Anniversary of His Death - Museum TV","description":"Botticelli tribute: on the occasion of the 515th anniversary of his death, Museum TV retraces the career of the Renaissance master.","robots":{"index":"index","follow":"follow","max-snippet":"max-snippet:-1","max-image-preview":"max-image-preview:large","max-video-preview":"max-video-preview:-1"},"canonical":"https:\/\/www.museumtv.art\/en\/artnews\/artistes\/tribute-to-botticelli-515th-anniversary-of-his-death\/","og_locale":"en_US","og_type":"article","og_title":"Tribute to Botticelli - 515th Anniversary of His Death - Museum TV","og_description":"Botticelli tribute: on the occasion of the 515th anniversary of his death, Museum TV retraces the career of the Renaissance master.","og_url":"https:\/\/www.museumtv.art\/en\/artnews\/artistes\/tribute-to-botticelli-515th-anniversary-of-his-death\/","og_site_name":"Museum TV","article_publisher":"https:\/\/www.facebook.com\/museumtv.art\/","article_published_time":"2025-05-20T13:21:26+00:00","article_modified_time":"2025-05-20T13:23:59+00:00","og_image":[{"width":1720,"height":1080,"url":"https:\/\/www.museumtv.art\/wp-content\/uploads\/2023\/03\/1720px-Sandro_Botticelli_-_La_nascita_di_Venere_-_Google_Art_Project_-_edited.jpg","type":"image\/jpeg"}],"author":"Berthille Lorillou","twitter_card":"summary_large_image","twitter_misc":{"Written by":"Berthille Lorillou","Est. reading time":"8 minutes"},"schema":{"@context":"https:\/\/schema.org","@graph":[{"@type":"Article","@id":"https:\/\/www.museumtv.art\/en\/artnews\/artistes\/tribute-to-botticelli-515th-anniversary-of-his-death\/#article","isPartOf":{"@id":"https:\/\/www.museumtv.art\/en\/artnews\/artistes\/tribute-to-botticelli-515th-anniversary-of-his-death\/"},"author":{"name":"Berthille Lorillou","@id":"https:\/\/www.museumtv.art\/#\/schema\/person\/bf6a7cf576a0534e1daa82d7ae4741a5"},"headline":"Tribute to Botticelli &#8211; 515th Anniversary of His Death","datePublished":"2025-05-20T13:21:26+00:00","dateModified":"2025-05-20T13:23:59+00:00","mainEntityOfPage":{"@id":"https:\/\/www.museumtv.art\/en\/artnews\/artistes\/tribute-to-botticelli-515th-anniversary-of-his-death\/"},"wordCount":1620,"publisher":{"@id":"https:\/\/www.museumtv.art\/#organization"},"image":{"@id":"https:\/\/www.museumtv.art\/en\/artnews\/artistes\/tribute-to-botticelli-515th-anniversary-of-his-death\/#primaryimage"},"thumbnailUrl":"https:\/\/www.museumtv.art\/wp-content\/uploads\/2023\/03\/1720px-Sandro_Botticelli_-_La_nascita_di_Venere_-_Google_Art_Project_-_edited.jpg","keywords":["Artist","MUSEUM TV","peinture","renaissance","Tribute"],"inLanguage":"en-US"},{"@type":"WebPage","@id":"https:\/\/www.museumtv.art\/en\/artnews\/artistes\/tribute-to-botticelli-515th-anniversary-of-his-death\/","url":"https:\/\/www.museumtv.art\/en\/artnews\/artistes\/tribute-to-botticelli-515th-anniversary-of-his-death\/","name":"Tribute to Botticelli - 515th Anniversary of His Death - Museum TV","isPartOf":{"@id":"https:\/\/www.museumtv.art\/#website"},"primaryImageOfPage":{"@id":"https:\/\/www.museumtv.art\/en\/artnews\/artistes\/tribute-to-botticelli-515th-anniversary-of-his-death\/#primaryimage"},"image":{"@id":"https:\/\/www.museumtv.art\/en\/artnews\/artistes\/tribute-to-botticelli-515th-anniversary-of-his-death\/#primaryimage"},"thumbnailUrl":"https:\/\/www.museumtv.art\/wp-content\/uploads\/2023\/03\/1720px-Sandro_Botticelli_-_La_nascita_di_Venere_-_Google_Art_Project_-_edited.jpg","datePublished":"2025-05-20T13:21:26+00:00","dateModified":"2025-05-20T13:23:59+00:00","description":"Botticelli tribute: on the occasion of the 515th anniversary of his death, Museum TV retraces the career of the Renaissance master.","breadcrumb":{"@id":"https:\/\/www.museumtv.art\/en\/artnews\/artistes\/tribute-to-botticelli-515th-anniversary-of-his-death\/#breadcrumb"},"inLanguage":"en-US","potentialAction":[{"@type":"ReadAction","target":["https:\/\/www.museumtv.art\/en\/artnews\/artistes\/tribute-to-botticelli-515th-anniversary-of-his-death\/"]}]},{"@type":"ImageObject","inLanguage":"en-US","@id":"https:\/\/www.museumtv.art\/en\/artnews\/artistes\/tribute-to-botticelli-515th-anniversary-of-his-death\/#primaryimage","url":"https:\/\/www.museumtv.art\/wp-content\/uploads\/2023\/03\/1720px-Sandro_Botticelli_-_La_nascita_di_Venere_-_Google_Art_Project_-_edited.jpg","contentUrl":"https:\/\/www.museumtv.art\/wp-content\/uploads\/2023\/03\/1720px-Sandro_Botticelli_-_La_nascita_di_Venere_-_Google_Art_Project_-_edited.jpg","width":1720,"height":1080,"caption":"La naissance de V\u00e9nus de Sandro Botticelli"},{"@type":"BreadcrumbList","@id":"https:\/\/www.museumtv.art\/en\/artnews\/artistes\/tribute-to-botticelli-515th-anniversary-of-his-death\/#breadcrumb","itemListElement":[{"@type":"ListItem","position":1,"name":"Accueil","item":"https:\/\/www.museumtv.art\/en\/"},{"@type":"ListItem","position":2,"name":"Tribute to Botticelli &#8211; 515th Anniversary of His Death"}]},{"@type":"WebSite","@id":"https:\/\/www.museumtv.art\/#website","url":"https:\/\/www.museumtv.art\/","name":"Museum TV","description":"The first channel dedicated to art","publisher":{"@id":"https:\/\/www.museumtv.art\/#organization"},"potentialAction":[{"@type":"SearchAction","target":{"@type":"EntryPoint","urlTemplate":"https:\/\/www.museumtv.art\/?s={search_term_string}"},"query-input":{"@type":"PropertyValueSpecification","valueRequired":true,"valueName":"search_term_string"}}],"inLanguage":"en-US"},{"@type":"Organization","@id":"https:\/\/www.museumtv.art\/#organization","name":"Museum TV","url":"https:\/\/www.museumtv.art\/","logo":{"@type":"ImageObject","inLanguage":"en-US","@id":"https:\/\/www.museumtv.art\/#\/schema\/logo\/image\/","url":"https:\/\/www.museumtv.art\/wp-content\/uploads\/2021\/10\/apple-touch-icon-1.png","contentUrl":"https:\/\/www.museumtv.art\/wp-content\/uploads\/2021\/10\/apple-touch-icon-1.png","width":180,"height":180,"caption":"Museum TV"},"image":{"@id":"https:\/\/www.museumtv.art\/#\/schema\/logo\/image\/"},"sameAs":["https:\/\/www.facebook.com\/museumtv.art\/","https:\/\/www.instagram.com\/museumtv_art\/?hl=fr","https:\/\/www.linkedin.com\/company\/museumtv"]},{"@type":"Person","@id":"https:\/\/www.museumtv.art\/#\/schema\/person\/bf6a7cf576a0534e1daa82d7ae4741a5","name":"Berthille Lorillou","image":{"@type":"ImageObject","inLanguage":"en-US","@id":"https:\/\/www.museumtv.art\/#\/schema\/person\/image\/","url":"https:\/\/secure.gravatar.com\/avatar\/e49a1b908ff65cb6458bd57e6050a48f?s=96&d=mm&r=g","contentUrl":"https:\/\/secure.gravatar.com\/avatar\/e49a1b908ff65cb6458bd57e6050a48f?s=96&d=mm&r=g","caption":"Berthille Lorillou"},"url":"https:\/\/www.museumtv.art\/en\/author\/berthille-lorillou\/"}]}},"_links":{"self":[{"href":"https:\/\/www.museumtv.art\/en\/wp-json\/wp\/v2\/posts\/225704","targetHints":{"allow":["GET"]}}],"collection":[{"href":"https:\/\/www.museumtv.art\/en\/wp-json\/wp\/v2\/posts"}],"about":[{"href":"https:\/\/www.museumtv.art\/en\/wp-json\/wp\/v2\/types\/post"}],"author":[{"embeddable":true,"href":"https:\/\/www.museumtv.art\/en\/wp-json\/wp\/v2\/users\/104"}],"replies":[{"embeddable":true,"href":"https:\/\/www.museumtv.art\/en\/wp-json\/wp\/v2\/comments?post=225704"}],"version-history":[{"count":4,"href":"https:\/\/www.museumtv.art\/en\/wp-json\/wp\/v2\/posts\/225704\/revisions"}],"predecessor-version":[{"id":225709,"href":"https:\/\/www.museumtv.art\/en\/wp-json\/wp\/v2\/posts\/225704\/revisions\/225709"}],"wp:featuredmedia":[{"embeddable":true,"href":"https:\/\/www.museumtv.art\/en\/wp-json\/wp\/v2\/media\/145733"}],"wp:attachment":[{"href":"https:\/\/www.museumtv.art\/en\/wp-json\/wp\/v2\/media?parent=225704"}],"wp:term":[{"taxonomy":"category","embeddable":true,"href":"https:\/\/www.museumtv.art\/en\/wp-json\/wp\/v2\/categories?post=225704"},{"taxonomy":"post_tag","embeddable":true,"href":"https:\/\/www.museumtv.art\/en\/wp-json\/wp\/v2\/tags?post=225704"},{"taxonomy":"group","embeddable":true,"href":"https:\/\/www.museumtv.art\/en\/wp-json\/wp\/v2\/group?post=225704"},{"taxonomy":"support","embeddable":true,"href":"https:\/\/www.museumtv.art\/en\/wp-json\/wp\/v2\/support?post=225704"}],"curies":[{"name":"wp","href":"https:\/\/api.w.org\/{rel}","templated":true}]}}